{"id":8571,"date":"2026-04-28T15:56:34","date_gmt":"2026-04-28T15:56:34","guid":{"rendered":"https:\/\/aglow.org\/alcance-nas-filipinas\/"},"modified":"2026-04-28T16:21:02","modified_gmt":"2026-04-28T16:21:02","slug":"alcance-nas-filipinas","status":"publish","type":"post","link":"https:\/\/aglow.org\/pt-pt\/alcance-nas-filipinas\/","title":{"rendered":"Alcance nas Filipinas"},"content":{"rendered":"\n<h3 class=\"wp-block-heading\"><strong>Equipe de Evangelismo e Transforma\u00e7\u00e3o Aglow \u2013 Miss\u00e3o nas Filipinas<\/strong><\/h3>\n\n<p>Uma equipe de Evangelismo de Transforma\u00e7\u00e3o da Aglow, composta por dez membros, viajou para as ilhas de Negros e Siquijor, nas Filipinas, em 25 de fevereiro, para duas semanas de gloriosas aventuras com o nosso Senhor Jesus e o Esp\u00edrito Santo. A Pastora Teresita Feliccio e sua fam\u00edlia \u2014 nossa l\u00edder nacional da Aglow \u2014 n\u00e3o apenas nos hospedaram, mas tamb\u00e9m prepararam antecipadamente in\u00fameras portas abertas para compartilharmos o amor de Jesus.  <\/p>\n\n<p>Nossa equipe veio de cinco estados diferentes e dois pa\u00edses, trabalhando ao lado de crentes filipinos muito capazes. Durante o tempo que passamos juntos, viajamos de carro, avi\u00e3o, barco e \u00f4nibus, indo aonde quer que o Senhor abrisse portas.  <\/p>\n\n<p>Mais de 2.000 jovens ouviram as Boas Novas de Jesus em uma universidade e em diversas escolas. Muitos fizeram a ora\u00e7\u00e3o da salva\u00e7\u00e3o e receberam ora\u00e7\u00f5es por cura e consolo. Na cadeia local, 155 detentos ouviram nossos testemunhos e conheceram o cora\u00e7\u00e3o de Jesus para com eles, recebendo ora\u00e7\u00f5es ao dedicarem suas vidas ao senhorio do Seu amor.   <\/p>\n\n<p>O programa de r\u00e1dio alcan\u00e7ou as na\u00e7\u00f5es do mundo, e nosso minist\u00e9rio junto aos funcion\u00e1rios e chefes de departamento da nossa companhia el\u00e9trica obteve resultados surpreendentes.<\/p>\n\n<p>Nossas a\u00e7\u00f5es de evangelismo inclu\u00edram um Baile da Pureza para jovens, um \u201cProjeto Gera\u00e7\u00f5es\u201d com a apresenta\u00e7\u00e3o \u201cMoldados em Jesus\u201d, ensinamentos sobre como viver em Cristo sendo um jovem empreendedor e mensagens sobre o que significa viver no Esp\u00edrito. <\/p>\n\n<p>Foram realizados dois grandes eventos de alcance comunit\u00e1rio, com m\u00fasica, dan\u00e7a e mensagens, atraindo um p\u00fablico estimado entre 700 e 800 pessoas \u2014 muitas das quais fizeram a ora\u00e7\u00e3o da salva\u00e7\u00e3o. <\/p>\n\n<p>Tamb\u00e9m fomos convidados a orar pelo prefeito e sua equipe, pelos funcion\u00e1rios das escolas, e cada um de n\u00f3s pregou em igrejas no domingo. Al\u00e9m disso, fomos recebidos para ministrar em uma confer\u00eancia da Aglow. Por toda parte aonde fomos, mais pessoas queriam ouvir falar de Jesus e receb\u00ea-lo.   <\/p>\n\n<p>Steven Meyers, um dos MOIs da equipe, compartilhou: <\/p>\n\n<blockquote class=\"wp-block-quote is-layout-flow wp-block-quote-is-layout-flow\">\n<p><em>Embora eu tenha valorizado profundamente as oportunidades que me foram concedidas para compartilhar os ensinamentos que o Senhor enviou comigo, acredito que a maior lembran\u00e7a que levarei desta viagem \u00e9 a juventude a quem ministramos. Entre os estudantes do ensino m\u00e9dio e os universit\u00e1rios, vi um n\u00edvel incr\u00edvel de fome pelo Senhor. Estou convencido de que a pr\u00f3xima gera\u00e7\u00e3o desempenhar\u00e1 um papel fundamental em um grande despertar que est\u00e1 por vir.  <\/em><\/p>\n<\/blockquote>\n\n<p>Jennifer Kuehn, SPC de Michigan, escreveu: <\/p>\n\n<blockquote class=\"wp-block-quote is-layout-flow wp-block-quote-is-layout-flow\">\n<p><em>A regi\u00e3o das Filipinas que visitei com a equipe nos exp\u00f4s a muitas comunidades e contextos diferentes. Visitamos escolas, reunimo-nos com autoridades governamentais, ministramos em uma pris\u00e3o, realizamos grandes a\u00e7\u00f5es evangel\u00edsticas na cidade, falamos em diversas igrejas e participamos de uma confer\u00eancia da Aglow.  <\/em><\/p>\n\n\n\n<p><em>Um dos principais focos do nosso minist\u00e9rio era a juventude. Encontramos pessoas das mais diversas origens, e a fome entre os jovens era muito palp\u00e1vel. Devido a essa abertura, o Esp\u00edrito Santo agiu com poder.   <\/em><\/p>\n\n\n\n<p><em>Mesmo em \u00e1reas administradas por autoridades governamentais, fomos bem-vindos para levar as Boas Novas \u00e0s pessoas, e as pr\u00f3prias autoridades sentiram-se encorajadas ao receberem ora\u00e7\u00e3o. Na pris\u00e3o, havia uma presen\u00e7a bela e tang\u00edvel do Esp\u00edrito Santo, que foi acolhida por todos. Isso refletia o trabalho de base que o Pastor Lem e Tessie haviam preparado previamente. Seus cora\u00e7\u00f5es humildes e servos s\u00e3o profundamente respeitados, e seu cuidado alcan\u00e7a longe e amplamente a partir do lugar onde Deus os colocou. Que obra incr\u00edvel e que exemplo de firmeza este casal demonstra!     <\/em><\/p>\n\n\n\n<p><em>Pessoalmente, esta viagem representou um avan\u00e7o nos meus dons. Consegui transmitir a Sua presen\u00e7a din\u00e2mica \u2014 por meio da prega\u00e7\u00e3o e da ora\u00e7\u00e3o \u2014 a muitas pessoas. O Esp\u00edrito Santo manifestou-se com profunda convic\u00e7\u00e3o e consolo em todos os lugares onde ministramos. Pastores e funcion\u00e1rios de escolas nos disseram: \u201cNunca vimos um pranto como este entre os jovens e os adultos\u201d.    <\/em><\/p>\n\n\n\n<p><em>Quando falamos em uma universidade secular e fizemos um convite para a salva\u00e7\u00e3o e a ora\u00e7\u00e3o pessoal, parecia que quase todos se apresentaram. Sandy, integrante da nossa equipe, disse sentir que o Consolador havia vindo sobre os estudantes. Foi um mover poderoso de Seus caminhos gloriosos e amorosos \u2014 e essa foi a atmosfera durante todo o tempo em que estivemos l\u00e1.  <\/em><\/p>\n<\/blockquote>\n\n<p>Um breve resumo por Janet Mangum, l\u00edder da equipe.<\/p>\n\n<h3 class=\"wp-block-heading\"><strong>Sementes do Despertar<\/strong><\/h3>\n\n<p>Planos, surpresas e convites sagrados<br\/>nos conduziram aos despertares da f\u00e9 e do amor.<br\/>N\u00f3s comparecemos.<br\/>N\u00f3s nos dispusemos.<br\/>E o nosso Senhor se ergueu entre n\u00f3s \u2014<br\/>exatamente como prometeu: <br\/>\u201cEdificarei a minha igreja.\u201d \u2014 Mateus 16:18 <br\/>\u201cA minha palavra&#8230; realizar\u00e1 o que me agrada e prosperar\u00e1 onde eu a enviar.\u201d \u2014 Isa\u00edas 55:11<br\/>Por ilhas e oceanos,<br\/>o amor de Jesus viajou \u2014<br\/>de avi\u00e3o, de barco, de \u00f4nibus, por meio de cora\u00e7\u00f5es dispostos. <br\/>Em salas de aula, pris\u00f5es, igrejas e ruas da cidade,<br\/>cora\u00e7\u00f5es famintos inclinaram-se \u00e0 frente,<br\/>e o c\u00e9u respondeu. <br\/>L\u00e1grimas de cura ca\u00edram, ora\u00e7\u00f5es subiram,<br\/>e o Esp\u00edrito Santo moveu-se suave, por\u00e9m poderosamente,<br\/>tanto entre os jovens quanto entre os mais velhos. <br\/>Sementes de esperan\u00e7a foram plantadas, <br\/>A f\u00e9 foi despertada. <br\/>and the next generation lifted their eyes to the Lord\u2014 <br\/>pois \u201caqueles que semeiam com l\u00e1grimas colher\u00e3o com c\u00e2nticos de alegria.\u201d \u2014 Salmos 126:5<br\/>Aonde quer que f\u00f4ssemos,<br\/>portas se abriam,<br\/>cora\u00e7\u00f5es respondiam,<br\/>e o nome de Jesus era acolhido. <br\/>Que as sementes semeadas por Negros e Siquijor <br\/>continuar a crescer, <br\/>dando frutos por gera\u00e7\u00f5es\u2014 <br\/>\u201cA terra se encher\u00e1 do conhecimento da gl\u00f3ria do Senhor.\u201d \u2014 Habacuque 2:14<br\/>Tudo para a gl\u00f3ria de Cristo. <\/p>\n","protected":false},"excerpt":{"rendered":"<p>Uma equipe de Evangelismo de Transforma\u00e7\u00e3o da Aglow, composta por dez membros, viajou para as ilhas de Negros e Siquijor, nas Filipinas, em 25 de fevereiro, para duas semanas de gloriosas aventuras com o nosso Senhor Jesus e o Esp\u00edrito Santo. <\/p>\n","protected":false},"author":13,"featured_media":8570,"comment_status":"open","ping_status":"open","sticky":false,"template":"","format":"standard","meta":{"footnotes":""},"categories":[85,73],"tags":[],"class_list":["post-8571","post","type-post","status-publish","format-standard","has-post-thumbnail","hentry","category-international-pt-pt","category-news-pt-pt"],"yoast_head":"<!-- This site is optimized with the Yoast SEO plugin v27.5 - https:\/\/yoast.com\/product\/yoast-seo-wordpress\/ -->\n<title>Alcance nas Filipinas - Aglow International<\/title>\n<meta name=\"robots\" content=\"index, follow, max-snippet:-1, max-image-preview:large, max-video-preview:-1\" \/>\n<link rel=\"canonical\" href=\"https:\/\/aglow.org\/pt-pt\/alcance-nas-filipinas\/\" \/>\n<meta property=\"og:locale\" content=\"pt_PT\" \/>\n<meta property=\"og:type\" content=\"article\" \/>\n<meta property=\"og:title\" content=\"Alcance nas Filipinas - Aglow International\" \/>\n<meta property=\"og:description\" content=\"Uma equipe de Evangelismo de Transforma\u00e7\u00e3o da Aglow, composta por dez membros, viajou para as ilhas de Negros e Siquijor, nas Filipinas, em 25 de fevereiro, para duas semanas de gloriosas aventuras com o nosso Senhor Jesus e o Esp\u00edrito Santo.\" \/>\n<meta property=\"og:url\" content=\"https:\/\/aglow.org\/pt-pt\/alcance-nas-filipinas\/\" \/>\n<meta property=\"og:site_name\" content=\"Aglow International\" \/>\n<meta property=\"article:published_time\" content=\"2026-04-28T15:56:34+00:00\" \/>\n<meta property=\"article:modified_time\" content=\"2026-04-28T16:21:02+00:00\" \/>\n<meta property=\"og:image\" content=\"https:\/\/aglow.org\/wp-content\/uploads\/2026\/04\/2026-4-28-philippines.jpg\" \/>\n\t<meta property=\"og:image:width\" content=\"807\" \/>\n\t<meta property=\"og:image:height\" content=\"475\" \/>\n\t<meta property=\"og:image:type\" content=\"image\/jpeg\" \/>\n<meta name=\"author\" content=\"Janet Mangum\" \/>\n<meta name=\"twitter:card\" content=\"summary_large_image\" \/>\n<meta name=\"twitter:label1\" content=\"Escrito por\" \/>\n\t<meta name=\"twitter:data1\" content=\"Janet Mangum\" \/>\n\t<meta name=\"twitter:label2\" content=\"Tempo estimado de leitura\" \/>\n\t<meta name=\"twitter:data2\" content=\"5 minutos\" \/>\n<script type=\"application\/ld+json\" class=\"yoast-schema-graph\">{\"@context\":\"https:\\\/\\\/schema.org\",\"@graph\":[{\"@type\":\"Article\",\"@id\":\"https:\\\/\\\/aglow.org\\\/pt-pt\\\/alcance-nas-filipinas\\\/#article\",\"isPartOf\":{\"@id\":\"https:\\\/\\\/aglow.org\\\/pt-pt\\\/alcance-nas-filipinas\\\/\"},\"author\":{\"name\":\"Janet Mangum\",\"@id\":\"https:\\\/\\\/aglow.org\\\/pt-pt\\\/#\\\/schema\\\/person\\\/73ad3ff7a77b5174e21a9dc6c9e49b69\"},\"headline\":\"Alcance nas Filipinas\",\"datePublished\":\"2026-04-28T15:56:34+00:00\",\"dateModified\":\"2026-04-28T16:21:02+00:00\",\"mainEntityOfPage\":{\"@id\":\"https:\\\/\\\/aglow.org\\\/pt-pt\\\/alcance-nas-filipinas\\\/\"},\"wordCount\":991,\"commentCount\":0,\"publisher\":{\"@id\":\"https:\\\/\\\/aglow.org\\\/pt-pt\\\/#organization\"},\"image\":{\"@id\":\"https:\\\/\\\/aglow.org\\\/pt-pt\\\/alcance-nas-filipinas\\\/#primaryimage\"},\"thumbnailUrl\":\"https:\\\/\\\/aglow.org\\\/wp-content\\\/uploads\\\/2026\\\/04\\\/2026-4-28-philippines.jpg\",\"articleSection\":[\"International\",\"News\"],\"inLanguage\":\"pt-PT\",\"potentialAction\":[{\"@type\":\"CommentAction\",\"name\":\"Comment\",\"target\":[\"https:\\\/\\\/aglow.org\\\/pt-pt\\\/alcance-nas-filipinas\\\/#respond\"]}]},{\"@type\":\"WebPage\",\"@id\":\"https:\\\/\\\/aglow.org\\\/pt-pt\\\/alcance-nas-filipinas\\\/\",\"url\":\"https:\\\/\\\/aglow.org\\\/pt-pt\\\/alcance-nas-filipinas\\\/\",\"name\":\"Alcance nas Filipinas - Aglow International\",\"isPartOf\":{\"@id\":\"https:\\\/\\\/aglow.org\\\/pt-pt\\\/#website\"},\"primaryImageOfPage\":{\"@id\":\"https:\\\/\\\/aglow.org\\\/pt-pt\\\/alcance-nas-filipinas\\\/#primaryimage\"},\"image\":{\"@id\":\"https:\\\/\\\/aglow.org\\\/pt-pt\\\/alcance-nas-filipinas\\\/#primaryimage\"},\"thumbnailUrl\":\"https:\\\/\\\/aglow.org\\\/wp-content\\\/uploads\\\/2026\\\/04\\\/2026-4-28-philippines.jpg\",\"datePublished\":\"2026-04-28T15:56:34+00:00\",\"dateModified\":\"2026-04-28T16:21:02+00:00\",\"breadcrumb\":{\"@id\":\"https:\\\/\\\/aglow.org\\\/pt-pt\\\/alcance-nas-filipinas\\\/#breadcrumb\"},\"inLanguage\":\"pt-PT\",\"potentialAction\":[{\"@type\":\"ReadAction\",\"target\":[\"https:\\\/\\\/aglow.org\\\/pt-pt\\\/alcance-nas-filipinas\\\/\"]}]},{\"@type\":\"ImageObject\",\"inLanguage\":\"pt-PT\",\"@id\":\"https:\\\/\\\/aglow.org\\\/pt-pt\\\/alcance-nas-filipinas\\\/#primaryimage\",\"url\":\"https:\\\/\\\/aglow.org\\\/wp-content\\\/uploads\\\/2026\\\/04\\\/2026-4-28-philippines.jpg\",\"contentUrl\":\"https:\\\/\\\/aglow.org\\\/wp-content\\\/uploads\\\/2026\\\/04\\\/2026-4-28-philippines.jpg\",\"width\":807,\"height\":475,\"caption\":\"Equipe de Evangelismo e Transforma\u00e7\u00e3o Aglow \u2013 Miss\u00e3o nas Filipinas\"},{\"@type\":\"BreadcrumbList\",\"@id\":\"https:\\\/\\\/aglow.org\\\/pt-pt\\\/alcance-nas-filipinas\\\/#breadcrumb\",\"itemListElement\":[{\"@type\":\"ListItem\",\"position\":1,\"name\":\"Home\",\"item\":\"https:\\\/\\\/aglow.org\\\/pt-pt\\\/\"},{\"@type\":\"ListItem\",\"position\":2,\"name\":\"Alcance nas Filipinas\"}]},{\"@type\":\"WebSite\",\"@id\":\"https:\\\/\\\/aglow.org\\\/pt-pt\\\/#website\",\"url\":\"https:\\\/\\\/aglow.org\\\/pt-pt\\\/\",\"name\":\"Aglow International\",\"description\":\"\",\"publisher\":{\"@id\":\"https:\\\/\\\/aglow.org\\\/pt-pt\\\/#organization\"},\"potentialAction\":[{\"@type\":\"SearchAction\",\"target\":{\"@type\":\"EntryPoint\",\"urlTemplate\":\"https:\\\/\\\/aglow.org\\\/pt-pt\\\/?s={search_term_string}\"},\"query-input\":{\"@type\":\"PropertyValueSpecification\",\"valueRequired\":true,\"valueName\":\"search_term_string\"}}],\"inLanguage\":\"pt-PT\"},{\"@type\":\"Organization\",\"@id\":\"https:\\\/\\\/aglow.org\\\/pt-pt\\\/#organization\",\"name\":\"Aglow International\",\"url\":\"https:\\\/\\\/aglow.org\\\/pt-pt\\\/\",\"logo\":{\"@type\":\"ImageObject\",\"inLanguage\":\"pt-PT\",\"@id\":\"https:\\\/\\\/aglow.org\\\/pt-pt\\\/#\\\/schema\\\/logo\\\/image\\\/\",\"url\":\"https:\\\/\\\/aglow.org\\\/wp-content\\\/uploads\\\/2025\\\/04\\\/Aglow_logo_orange_800px.png\",\"contentUrl\":\"https:\\\/\\\/aglow.org\\\/wp-content\\\/uploads\\\/2025\\\/04\\\/Aglow_logo_orange_800px.png\",\"width\":800,\"height\":302,\"caption\":\"Aglow International\"},\"image\":{\"@id\":\"https:\\\/\\\/aglow.org\\\/pt-pt\\\/#\\\/schema\\\/logo\\\/image\\\/\"}},{\"@type\":\"Person\",\"@id\":\"https:\\\/\\\/aglow.org\\\/pt-pt\\\/#\\\/schema\\\/person\\\/73ad3ff7a77b5174e21a9dc6c9e49b69\",\"name\":\"Janet Mangum\",\"image\":{\"@type\":\"ImageObject\",\"inLanguage\":\"pt-PT\",\"@id\":\"https:\\\/\\\/secure.gravatar.com\\\/avatar\\\/eb6eee1d75fbc37051c5e38037ccac205237072f303e039d88432a4e8c4d9609?s=96&d=mm&r=g\",\"url\":\"https:\\\/\\\/secure.gravatar.com\\\/avatar\\\/eb6eee1d75fbc37051c5e38037ccac205237072f303e039d88432a4e8c4d9609?s=96&d=mm&r=g\",\"contentUrl\":\"https:\\\/\\\/secure.gravatar.com\\\/avatar\\\/eb6eee1d75fbc37051c5e38037ccac205237072f303e039d88432a4e8c4d9609?s=96&d=mm&r=g\",\"caption\":\"Janet Mangum\"},\"url\":\"https:\\\/\\\/aglow.org\\\/pt-pt\\\/author\\\/janetmangum\\\/\"}]}<\/script>\n<!-- \/ Yoast SEO plugin. -->","yoast_head_json":{"title":"Alcance nas Filipinas - Aglow International","robots":{"index":"index","follow":"follow","max-snippet":"max-snippet:-1","max-image-preview":"max-image-preview:large","max-video-preview":"max-video-preview:-1"},"canonical":"https:\/\/aglow.org\/pt-pt\/alcance-nas-filipinas\/","og_locale":"pt_PT","og_type":"article","og_title":"Alcance nas Filipinas - Aglow International","og_description":"Uma equipe de Evangelismo de Transforma\u00e7\u00e3o da Aglow, composta por dez membros, viajou para as ilhas de Negros e Siquijor, nas Filipinas, em 25 de fevereiro, para duas semanas de gloriosas aventuras com o nosso Senhor Jesus e o Esp\u00edrito Santo.","og_url":"https:\/\/aglow.org\/pt-pt\/alcance-nas-filipinas\/","og_site_name":"Aglow International","article_published_time":"2026-04-28T15:56:34+00:00","article_modified_time":"2026-04-28T16:21:02+00:00","og_image":[{"width":807,"height":475,"url":"https:\/\/aglow.org\/wp-content\/uploads\/2026\/04\/2026-4-28-philippines.jpg","type":"image\/jpeg"}],"author":"Janet Mangum","twitter_card":"summary_large_image","twitter_misc":{"Escrito por":"Janet Mangum","Tempo estimado de leitura":"5 minutos"},"schema":{"@context":"https:\/\/schema.org","@graph":[{"@type":"Article","@id":"https:\/\/aglow.org\/pt-pt\/alcance-nas-filipinas\/#article","isPartOf":{"@id":"https:\/\/aglow.org\/pt-pt\/alcance-nas-filipinas\/"},"author":{"name":"Janet Mangum","@id":"https:\/\/aglow.org\/pt-pt\/#\/schema\/person\/73ad3ff7a77b5174e21a9dc6c9e49b69"},"headline":"Alcance nas Filipinas","datePublished":"2026-04-28T15:56:34+00:00","dateModified":"2026-04-28T16:21:02+00:00","mainEntityOfPage":{"@id":"https:\/\/aglow.org\/pt-pt\/alcance-nas-filipinas\/"},"wordCount":991,"commentCount":0,"publisher":{"@id":"https:\/\/aglow.org\/pt-pt\/#organization"},"image":{"@id":"https:\/\/aglow.org\/pt-pt\/alcance-nas-filipinas\/#primaryimage"},"thumbnailUrl":"https:\/\/aglow.org\/wp-content\/uploads\/2026\/04\/2026-4-28-philippines.jpg","articleSection":["International","News"],"inLanguage":"pt-PT","potentialAction":[{"@type":"CommentAction","name":"Comment","target":["https:\/\/aglow.org\/pt-pt\/alcance-nas-filipinas\/#respond"]}]},{"@type":"WebPage","@id":"https:\/\/aglow.org\/pt-pt\/alcance-nas-filipinas\/","url":"https:\/\/aglow.org\/pt-pt\/alcance-nas-filipinas\/","name":"Alcance nas Filipinas - Aglow International","isPartOf":{"@id":"https:\/\/aglow.org\/pt-pt\/#website"},"primaryImageOfPage":{"@id":"https:\/\/aglow.org\/pt-pt\/alcance-nas-filipinas\/#primaryimage"},"image":{"@id":"https:\/\/aglow.org\/pt-pt\/alcance-nas-filipinas\/#primaryimage"},"thumbnailUrl":"https:\/\/aglow.org\/wp-content\/uploads\/2026\/04\/2026-4-28-philippines.jpg","datePublished":"2026-04-28T15:56:34+00:00","dateModified":"2026-04-28T16:21:02+00:00","breadcrumb":{"@id":"https:\/\/aglow.org\/pt-pt\/alcance-nas-filipinas\/#breadcrumb"},"inLanguage":"pt-PT","potentialAction":[{"@type":"ReadAction","target":["https:\/\/aglow.org\/pt-pt\/alcance-nas-filipinas\/"]}]},{"@type":"ImageObject","inLanguage":"pt-PT","@id":"https:\/\/aglow.org\/pt-pt\/alcance-nas-filipinas\/#primaryimage","url":"https:\/\/aglow.org\/wp-content\/uploads\/2026\/04\/2026-4-28-philippines.jpg","contentUrl":"https:\/\/aglow.org\/wp-content\/uploads\/2026\/04\/2026-4-28-philippines.jpg","width":807,"height":475,"caption":"Equipe de Evangelismo e Transforma\u00e7\u00e3o Aglow \u2013 Miss\u00e3o nas Filipinas"},{"@type":"BreadcrumbList","@id":"https:\/\/aglow.org\/pt-pt\/alcance-nas-filipinas\/#breadcrumb","itemListElement":[{"@type":"ListItem","position":1,"name":"Home","item":"https:\/\/aglow.org\/pt-pt\/"},{"@type":"ListItem","position":2,"name":"Alcance nas Filipinas"}]},{"@type":"WebSite","@id":"https:\/\/aglow.org\/pt-pt\/#website","url":"https:\/\/aglow.org\/pt-pt\/","name":"Aglow International","description":"","publisher":{"@id":"https:\/\/aglow.org\/pt-pt\/#organization"},"potentialAction":[{"@type":"SearchAction","target":{"@type":"EntryPoint","urlTemplate":"https:\/\/aglow.org\/pt-pt\/?s={search_term_string}"},"query-input":{"@type":"PropertyValueSpecification","valueRequired":true,"valueName":"search_term_string"}}],"inLanguage":"pt-PT"},{"@type":"Organization","@id":"https:\/\/aglow.org\/pt-pt\/#organization","name":"Aglow International","url":"https:\/\/aglow.org\/pt-pt\/","logo":{"@type":"ImageObject","inLanguage":"pt-PT","@id":"https:\/\/aglow.org\/pt-pt\/#\/schema\/logo\/image\/","url":"https:\/\/aglow.org\/wp-content\/uploads\/2025\/04\/Aglow_logo_orange_800px.png","contentUrl":"https:\/\/aglow.org\/wp-content\/uploads\/2025\/04\/Aglow_logo_orange_800px.png","width":800,"height":302,"caption":"Aglow International"},"image":{"@id":"https:\/\/aglow.org\/pt-pt\/#\/schema\/logo\/image\/"}},{"@type":"Person","@id":"https:\/\/aglow.org\/pt-pt\/#\/schema\/person\/73ad3ff7a77b5174e21a9dc6c9e49b69","name":"Janet Mangum","image":{"@type":"ImageObject","inLanguage":"pt-PT","@id":"https:\/\/secure.gravatar.com\/avatar\/eb6eee1d75fbc37051c5e38037ccac205237072f303e039d88432a4e8c4d9609?s=96&d=mm&r=g","url":"https:\/\/secure.gravatar.com\/avatar\/eb6eee1d75fbc37051c5e38037ccac205237072f303e039d88432a4e8c4d9609?s=96&d=mm&r=g","contentUrl":"https:\/\/secure.gravatar.com\/avatar\/eb6eee1d75fbc37051c5e38037ccac205237072f303e039d88432a4e8c4d9609?s=96&d=mm&r=g","caption":"Janet Mangum"},"url":"https:\/\/aglow.org\/pt-pt\/author\/janetmangum\/"}]}},"_links":{"self":[{"href":"https:\/\/aglow.org\/pt-pt\/wp-json\/wp\/v2\/posts\/8571","targetHints":{"allow":["GET"]}}],"collection":[{"href":"https:\/\/aglow.org\/pt-pt\/wp-json\/wp\/v2\/posts"}],"about":[{"href":"https:\/\/aglow.org\/pt-pt\/wp-json\/wp\/v2\/types\/post"}],"author":[{"embeddable":true,"href":"https:\/\/aglow.org\/pt-pt\/wp-json\/wp\/v2\/users\/13"}],"replies":[{"embeddable":true,"href":"https:\/\/aglow.org\/pt-pt\/wp-json\/wp\/v2\/comments?post=8571"}],"version-history":[{"count":1,"href":"https:\/\/aglow.org\/pt-pt\/wp-json\/wp\/v2\/posts\/8571\/revisions"}],"predecessor-version":[{"id":8572,"href":"https:\/\/aglow.org\/pt-pt\/wp-json\/wp\/v2\/posts\/8571\/revisions\/8572"}],"wp:featuredmedia":[{"embeddable":true,"href":"https:\/\/aglow.org\/pt-pt\/wp-json\/wp\/v2\/media\/8570"}],"wp:attachment":[{"href":"https:\/\/aglow.org\/pt-pt\/wp-json\/wp\/v2\/media?parent=8571"}],"wp:term":[{"taxonomy":"category","embeddable":true,"href":"https:\/\/aglow.org\/pt-pt\/wp-json\/wp\/v2\/categories?post=8571"},{"taxonomy":"post_tag","embeddable":true,"href":"https:\/\/aglow.org\/pt-pt\/wp-json\/wp\/v2\/tags?post=8571"}],"curies":[{"name":"wp","href":"https:\/\/api.w.org\/{rel}","templated":true}]}}