{"id":5982,"date":"2026-01-06T21:10:05","date_gmt":"2026-01-06T21:10:05","guid":{"rendered":"https:\/\/aglow.org\/farol-de-aurora-colorado\/"},"modified":"2026-01-06T21:16:13","modified_gmt":"2026-01-06T21:16:13","slug":"farol-de-aurora-colorado","status":"publish","type":"post","link":"https:\/\/aglow.org\/pt-pt\/farol-de-aurora-colorado\/","title":{"rendered":"Farol de Aurora, Colorado"},"content":{"rendered":"\n<p>A igreja Lighthouse em Aurora, Colorado, teve um ano agitado, realizando atividades de evangeliza\u00e7\u00e3o em sua comunidade e at\u00e9 mesmo em Denver!<\/p>\n\n<p>Em junho, a equipe organizou um evento beneficente para arrecadar fundos para diversos projetos planejados para o restante do ano. Donna Knight, a presidente, e sua equipe fizeram um acordo com o Dr. Randy Gilkay, um quiropr\u00e1tico local. Ele concordou em cobrir os custos do local e oferecer um jantar para apresentar seu consult\u00f3rio, a Innovative Chiropractic. Mais de 50 pessoas compareceram ao evento, que tamb\u00e9m contou com um leil\u00e3o silencioso, proporcionando mais uma oportunidade de arrecada\u00e7\u00e3o de fundos. Os convidados desfrutaram de m\u00fasica ao som de um DJ, um violinista e um comediante crist\u00e3o. Foi um evento inspirador e divertido, e todos apreciaram as apresenta\u00e7\u00f5es.      <\/p>\n\n<p>Donna contou que o pr\u00f3ximo evento de evangeliza\u00e7\u00e3o no parque, chamado Aurora Aglow Mind, Body, and Soul Revival in the Park (Renova\u00e7\u00e3o da Mente, Corpo e Alma da Aurora Aglow no Parque), aconteceu em um dos dias mais quentes do ano. Mesmo com temperaturas acima de 38 graus Celsius, a participa\u00e7\u00e3o foi surpreendente. Realizado no pavilh\u00e3o do Parque Utah, o evento ofereceu churrasco com acompanhamentos para todos os presentes. Como a equipe havia visitado o bairro antes do evento para apresentar a Aglow e convidar aqueles que talvez n\u00e3o tivessem visto a faixa de divulga\u00e7\u00e3o, muitas pessoas compareceram. Jovens artistas locais se apresentaram, incluindo dan\u00e7arinos de louvor, o grupo Hopes Kidz Youth Army, cantores, saxofonistas, recitadores de poesia, um DJ ao vivo, vendedores e um pula-pula.    <\/p>\n\n<p>O pastor de jovens Atorvis, juntamente com o minist\u00e9rio Mean Street Ministries, falou aos jovens. Donna disse: &#8220;O objetivo era que os jovens da comunidade vissem Deus nos diferentes grupos de jovens que participaram conosco. Os jovens precisam ver outros jovens que s\u00e3o totalmente dedicados a Deus.&#8221; Muitos foram tocados.  <\/p>\n\n<p>Com o outono em pleno vigor, a equipe organizou uma a\u00e7\u00e3o especial chamada &#8220;Alimente-os antes de dormir&#8221;. Tendo escolhido um local espec\u00edfico para distribuir a comida, n\u00e3o foi surpresa encontrar alguma resist\u00eancia e tentativas de impedir a a\u00e7\u00e3o. Mas, uma vez que Deus lhes deu a miss\u00e3o, a equipe se recusou a desistir, e mais de 250 pessoas foram alimentadas naquele dia. Eles distribu\u00edram bagels da Einstein Bros., mortadela, sandu\u00edches de queijo quente e sandu\u00edches de pasta de amendoim com geleia. Tamb\u00e9m havia batatas fritas, frutas e \u00e1gua. As mesas estavam repletas de mochilas, casacos, cobertores, meias, luvas e itens de higiene pessoal. Donna disse: &#8220;Chegamos a ter sacolas com ra\u00e7\u00e3o para cachorros. Para aqueles que n\u00e3o nos encontraram, t\u00ednhamos equipes a p\u00e9 e um motorista que saiu para distribuir comida.&#8221;      <\/p>\n\n<p>Donna contou que os membros da equipe levam casacos, luvas, chap\u00e9us e sapatos em seus carros e param para distribu\u00ed-los \u00e0s pessoas que est\u00e3o nas esquinas das ruas, conforme as esta\u00e7\u00f5es mudam. Em Lucas 14:23, um certo homem estava dando um banquete e, quando os convidados encontraram desculpas para n\u00e3o comparecer, ele enviou seus servos \u00e0s estradas e caminhos e os obrigou a entrar. \u00c0 medida que os grupos da Aglow alcan\u00e7am suas comunidades com o poder do Evangelho e itens para suprir necessidades pr\u00e1ticas, cora\u00e7\u00f5es s\u00e3o tocados de maneiras que talvez n\u00e3o fossem tocados de nenhuma outra forma. N\u00e3o tenha medo de ir aonde Deus o enviar. Ele prover\u00e1 para voc\u00ea e para aqueles que voc\u00ea est\u00e1 ajudando.    <\/p>\n","protected":false},"excerpt":{"rendered":"<p>A igreja Lighthouse em Aurora, Colorado, teve um ano agitado, realizando atividades de evangeliza\u00e7\u00e3o em sua comunidade e at\u00e9 mesmo em Denver!<\/p>\n","protected":false},"author":9,"featured_media":5981,"comment_status":"open","ping_status":"open","sticky":false,"template":"","format":"standard","meta":{"footnotes":""},"categories":[63,73],"tags":[],"class_list":["post-5982","post","type-post","status-publish","format-standard","has-post-thumbnail","hentry","category-estados-unidos-pt-pt","category-news-pt-pt"],"yoast_head":"<!-- This site is optimized with the Yoast SEO plugin v27.4 - https:\/\/yoast.com\/product\/yoast-seo-wordpress\/ -->\n<title>Farol de Aurora, Colorado - Aglow International<\/title>\n<meta name=\"robots\" content=\"index, follow, max-snippet:-1, max-image-preview:large, max-video-preview:-1\" \/>\n<link rel=\"canonical\" href=\"https:\/\/aglow.org\/pt-pt\/farol-de-aurora-colorado\/\" \/>\n<meta property=\"og:locale\" content=\"pt_PT\" \/>\n<meta property=\"og:type\" content=\"article\" \/>\n<meta property=\"og:title\" content=\"Farol de Aurora, Colorado - Aglow International\" \/>\n<meta property=\"og:description\" content=\"A igreja Lighthouse em Aurora, Colorado, teve um ano agitado, realizando atividades de evangeliza\u00e7\u00e3o em sua comunidade e at\u00e9 mesmo em Denver!\" \/>\n<meta property=\"og:url\" content=\"https:\/\/aglow.org\/pt-pt\/farol-de-aurora-colorado\/\" \/>\n<meta property=\"og:site_name\" content=\"Aglow International\" \/>\n<meta property=\"article:published_time\" content=\"2026-01-06T21:10:05+00:00\" \/>\n<meta property=\"article:modified_time\" content=\"2026-01-06T21:16:13+00:00\" \/>\n<meta property=\"og:image\" content=\"https:\/\/aglow.org\/wp-content\/uploads\/2026\/01\/2026-1-6-CO.jpg\" \/>\n\t<meta property=\"og:image:width\" content=\"1200\" \/>\n\t<meta property=\"og:image:height\" content=\"1200\" \/>\n\t<meta property=\"og:image:type\" content=\"image\/jpeg\" \/>\n<meta name=\"author\" content=\"Kathy Sanders\" \/>\n<meta name=\"twitter:card\" content=\"summary_large_image\" \/>\n<meta name=\"twitter:label1\" content=\"Escrito por\" \/>\n\t<meta name=\"twitter:data1\" content=\"Kathy Sanders\" \/>\n\t<meta name=\"twitter:label2\" content=\"Tempo estimado de leitura\" \/>\n\t<meta name=\"twitter:data2\" content=\"3 minutos\" \/>\n<script type=\"application\/ld+json\" class=\"yoast-schema-graph\">{\"@context\":\"https:\\\/\\\/schema.org\",\"@graph\":[{\"@type\":\"Article\",\"@id\":\"https:\\\/\\\/aglow.org\\\/pt-pt\\\/farol-de-aurora-colorado\\\/#article\",\"isPartOf\":{\"@id\":\"https:\\\/\\\/aglow.org\\\/pt-pt\\\/farol-de-aurora-colorado\\\/\"},\"author\":{\"name\":\"Kathy Sanders\",\"@id\":\"https:\\\/\\\/aglow.org\\\/pt-pt\\\/#\\\/schema\\\/person\\\/ab87b10e1b33a6ac307e9d3e79df1004\"},\"headline\":\"Farol de Aurora, Colorado\",\"datePublished\":\"2026-01-06T21:10:05+00:00\",\"dateModified\":\"2026-01-06T21:16:13+00:00\",\"mainEntityOfPage\":{\"@id\":\"https:\\\/\\\/aglow.org\\\/pt-pt\\\/farol-de-aurora-colorado\\\/\"},\"wordCount\":596,\"commentCount\":0,\"publisher\":{\"@id\":\"https:\\\/\\\/aglow.org\\\/pt-pt\\\/#organization\"},\"image\":{\"@id\":\"https:\\\/\\\/aglow.org\\\/pt-pt\\\/farol-de-aurora-colorado\\\/#primaryimage\"},\"thumbnailUrl\":\"https:\\\/\\\/aglow.org\\\/wp-content\\\/uploads\\\/2026\\\/01\\\/2026-1-6-CO.jpg\",\"articleSection\":[\"Estados Unidos\",\"News\"],\"inLanguage\":\"pt-PT\",\"potentialAction\":[{\"@type\":\"CommentAction\",\"name\":\"Comment\",\"target\":[\"https:\\\/\\\/aglow.org\\\/pt-pt\\\/farol-de-aurora-colorado\\\/#respond\"]}]},{\"@type\":\"WebPage\",\"@id\":\"https:\\\/\\\/aglow.org\\\/pt-pt\\\/farol-de-aurora-colorado\\\/\",\"url\":\"https:\\\/\\\/aglow.org\\\/pt-pt\\\/farol-de-aurora-colorado\\\/\",\"name\":\"Farol de Aurora, Colorado - Aglow International\",\"isPartOf\":{\"@id\":\"https:\\\/\\\/aglow.org\\\/pt-pt\\\/#website\"},\"primaryImageOfPage\":{\"@id\":\"https:\\\/\\\/aglow.org\\\/pt-pt\\\/farol-de-aurora-colorado\\\/#primaryimage\"},\"image\":{\"@id\":\"https:\\\/\\\/aglow.org\\\/pt-pt\\\/farol-de-aurora-colorado\\\/#primaryimage\"},\"thumbnailUrl\":\"https:\\\/\\\/aglow.org\\\/wp-content\\\/uploads\\\/2026\\\/01\\\/2026-1-6-CO.jpg\",\"datePublished\":\"2026-01-06T21:10:05+00:00\",\"dateModified\":\"2026-01-06T21:16:13+00:00\",\"breadcrumb\":{\"@id\":\"https:\\\/\\\/aglow.org\\\/pt-pt\\\/farol-de-aurora-colorado\\\/#breadcrumb\"},\"inLanguage\":\"pt-PT\",\"potentialAction\":[{\"@type\":\"ReadAction\",\"target\":[\"https:\\\/\\\/aglow.org\\\/pt-pt\\\/farol-de-aurora-colorado\\\/\"]}]},{\"@type\":\"ImageObject\",\"inLanguage\":\"pt-PT\",\"@id\":\"https:\\\/\\\/aglow.org\\\/pt-pt\\\/farol-de-aurora-colorado\\\/#primaryimage\",\"url\":\"https:\\\/\\\/aglow.org\\\/wp-content\\\/uploads\\\/2026\\\/01\\\/2026-1-6-CO.jpg\",\"contentUrl\":\"https:\\\/\\\/aglow.org\\\/wp-content\\\/uploads\\\/2026\\\/01\\\/2026-1-6-CO.jpg\",\"width\":1200,\"height\":1200,\"caption\":\"Farol de Aurora, Colorado\"},{\"@type\":\"BreadcrumbList\",\"@id\":\"https:\\\/\\\/aglow.org\\\/pt-pt\\\/farol-de-aurora-colorado\\\/#breadcrumb\",\"itemListElement\":[{\"@type\":\"ListItem\",\"position\":1,\"name\":\"Home\",\"item\":\"https:\\\/\\\/aglow.org\\\/pt-pt\\\/\"},{\"@type\":\"ListItem\",\"position\":2,\"name\":\"Farol de Aurora, Colorado\"}]},{\"@type\":\"WebSite\",\"@id\":\"https:\\\/\\\/aglow.org\\\/pt-pt\\\/#website\",\"url\":\"https:\\\/\\\/aglow.org\\\/pt-pt\\\/\",\"name\":\"Aglow International\",\"description\":\"\",\"publisher\":{\"@id\":\"https:\\\/\\\/aglow.org\\\/pt-pt\\\/#organization\"},\"potentialAction\":[{\"@type\":\"SearchAction\",\"target\":{\"@type\":\"EntryPoint\",\"urlTemplate\":\"https:\\\/\\\/aglow.org\\\/pt-pt\\\/?s={search_term_string}\"},\"query-input\":{\"@type\":\"PropertyValueSpecification\",\"valueRequired\":true,\"valueName\":\"search_term_string\"}}],\"inLanguage\":\"pt-PT\"},{\"@type\":\"Organization\",\"@id\":\"https:\\\/\\\/aglow.org\\\/pt-pt\\\/#organization\",\"name\":\"Aglow International\",\"url\":\"https:\\\/\\\/aglow.org\\\/pt-pt\\\/\",\"logo\":{\"@type\":\"ImageObject\",\"inLanguage\":\"pt-PT\",\"@id\":\"https:\\\/\\\/aglow.org\\\/pt-pt\\\/#\\\/schema\\\/logo\\\/image\\\/\",\"url\":\"https:\\\/\\\/aglow.org\\\/wp-content\\\/uploads\\\/2025\\\/04\\\/Aglow_logo_orange_800px.png\",\"contentUrl\":\"https:\\\/\\\/aglow.org\\\/wp-content\\\/uploads\\\/2025\\\/04\\\/Aglow_logo_orange_800px.png\",\"width\":800,\"height\":302,\"caption\":\"Aglow International\"},\"image\":{\"@id\":\"https:\\\/\\\/aglow.org\\\/pt-pt\\\/#\\\/schema\\\/logo\\\/image\\\/\"}},{\"@type\":\"Person\",\"@id\":\"https:\\\/\\\/aglow.org\\\/pt-pt\\\/#\\\/schema\\\/person\\\/ab87b10e1b33a6ac307e9d3e79df1004\",\"name\":\"Kathy Sanders\",\"image\":{\"@type\":\"ImageObject\",\"inLanguage\":\"pt-PT\",\"@id\":\"https:\\\/\\\/secure.gravatar.com\\\/avatar\\\/b3b279541b9e0d2829dc85ead19fcb579baadc768e4f3452dd3ddbb48d4b067e?s=96&d=mm&r=g\",\"url\":\"https:\\\/\\\/secure.gravatar.com\\\/avatar\\\/b3b279541b9e0d2829dc85ead19fcb579baadc768e4f3452dd3ddbb48d4b067e?s=96&d=mm&r=g\",\"contentUrl\":\"https:\\\/\\\/secure.gravatar.com\\\/avatar\\\/b3b279541b9e0d2829dc85ead19fcb579baadc768e4f3452dd3ddbb48d4b067e?s=96&d=mm&r=g\",\"caption\":\"Kathy Sanders\"},\"url\":\"https:\\\/\\\/aglow.org\\\/pt-pt\\\/author\\\/kathy-s\\\/\"}]}<\/script>\n<!-- \/ Yoast SEO plugin. -->","yoast_head_json":{"title":"Farol de Aurora, Colorado - Aglow International","robots":{"index":"index","follow":"follow","max-snippet":"max-snippet:-1","max-image-preview":"max-image-preview:large","max-video-preview":"max-video-preview:-1"},"canonical":"https:\/\/aglow.org\/pt-pt\/farol-de-aurora-colorado\/","og_locale":"pt_PT","og_type":"article","og_title":"Farol de Aurora, Colorado - Aglow International","og_description":"A igreja Lighthouse em Aurora, Colorado, teve um ano agitado, realizando atividades de evangeliza\u00e7\u00e3o em sua comunidade e at\u00e9 mesmo em Denver!","og_url":"https:\/\/aglow.org\/pt-pt\/farol-de-aurora-colorado\/","og_site_name":"Aglow International","article_published_time":"2026-01-06T21:10:05+00:00","article_modified_time":"2026-01-06T21:16:13+00:00","og_image":[{"width":1200,"height":1200,"url":"https:\/\/aglow.org\/wp-content\/uploads\/2026\/01\/2026-1-6-CO.jpg","type":"image\/jpeg"}],"author":"Kathy Sanders","twitter_card":"summary_large_image","twitter_misc":{"Escrito por":"Kathy Sanders","Tempo estimado de leitura":"3 minutos"},"schema":{"@context":"https:\/\/schema.org","@graph":[{"@type":"Article","@id":"https:\/\/aglow.org\/pt-pt\/farol-de-aurora-colorado\/#article","isPartOf":{"@id":"https:\/\/aglow.org\/pt-pt\/farol-de-aurora-colorado\/"},"author":{"name":"Kathy Sanders","@id":"https:\/\/aglow.org\/pt-pt\/#\/schema\/person\/ab87b10e1b33a6ac307e9d3e79df1004"},"headline":"Farol de Aurora, Colorado","datePublished":"2026-01-06T21:10:05+00:00","dateModified":"2026-01-06T21:16:13+00:00","mainEntityOfPage":{"@id":"https:\/\/aglow.org\/pt-pt\/farol-de-aurora-colorado\/"},"wordCount":596,"commentCount":0,"publisher":{"@id":"https:\/\/aglow.org\/pt-pt\/#organization"},"image":{"@id":"https:\/\/aglow.org\/pt-pt\/farol-de-aurora-colorado\/#primaryimage"},"thumbnailUrl":"https:\/\/aglow.org\/wp-content\/uploads\/2026\/01\/2026-1-6-CO.jpg","articleSection":["Estados Unidos","News"],"inLanguage":"pt-PT","potentialAction":[{"@type":"CommentAction","name":"Comment","target":["https:\/\/aglow.org\/pt-pt\/farol-de-aurora-colorado\/#respond"]}]},{"@type":"WebPage","@id":"https:\/\/aglow.org\/pt-pt\/farol-de-aurora-colorado\/","url":"https:\/\/aglow.org\/pt-pt\/farol-de-aurora-colorado\/","name":"Farol de Aurora, Colorado - Aglow International","isPartOf":{"@id":"https:\/\/aglow.org\/pt-pt\/#website"},"primaryImageOfPage":{"@id":"https:\/\/aglow.org\/pt-pt\/farol-de-aurora-colorado\/#primaryimage"},"image":{"@id":"https:\/\/aglow.org\/pt-pt\/farol-de-aurora-colorado\/#primaryimage"},"thumbnailUrl":"https:\/\/aglow.org\/wp-content\/uploads\/2026\/01\/2026-1-6-CO.jpg","datePublished":"2026-01-06T21:10:05+00:00","dateModified":"2026-01-06T21:16:13+00:00","breadcrumb":{"@id":"https:\/\/aglow.org\/pt-pt\/farol-de-aurora-colorado\/#breadcrumb"},"inLanguage":"pt-PT","potentialAction":[{"@type":"ReadAction","target":["https:\/\/aglow.org\/pt-pt\/farol-de-aurora-colorado\/"]}]},{"@type":"ImageObject","inLanguage":"pt-PT","@id":"https:\/\/aglow.org\/pt-pt\/farol-de-aurora-colorado\/#primaryimage","url":"https:\/\/aglow.org\/wp-content\/uploads\/2026\/01\/2026-1-6-CO.jpg","contentUrl":"https:\/\/aglow.org\/wp-content\/uploads\/2026\/01\/2026-1-6-CO.jpg","width":1200,"height":1200,"caption":"Farol de Aurora, Colorado"},{"@type":"BreadcrumbList","@id":"https:\/\/aglow.org\/pt-pt\/farol-de-aurora-colorado\/#breadcrumb","itemListElement":[{"@type":"ListItem","position":1,"name":"Home","item":"https:\/\/aglow.org\/pt-pt\/"},{"@type":"ListItem","position":2,"name":"Farol de Aurora, Colorado"}]},{"@type":"WebSite","@id":"https:\/\/aglow.org\/pt-pt\/#website","url":"https:\/\/aglow.org\/pt-pt\/","name":"Aglow International","description":"","publisher":{"@id":"https:\/\/aglow.org\/pt-pt\/#organization"},"potentialAction":[{"@type":"SearchAction","target":{"@type":"EntryPoint","urlTemplate":"https:\/\/aglow.org\/pt-pt\/?s={search_term_string}"},"query-input":{"@type":"PropertyValueSpecification","valueRequired":true,"valueName":"search_term_string"}}],"inLanguage":"pt-PT"},{"@type":"Organization","@id":"https:\/\/aglow.org\/pt-pt\/#organization","name":"Aglow International","url":"https:\/\/aglow.org\/pt-pt\/","logo":{"@type":"ImageObject","inLanguage":"pt-PT","@id":"https:\/\/aglow.org\/pt-pt\/#\/schema\/logo\/image\/","url":"https:\/\/aglow.org\/wp-content\/uploads\/2025\/04\/Aglow_logo_orange_800px.png","contentUrl":"https:\/\/aglow.org\/wp-content\/uploads\/2025\/04\/Aglow_logo_orange_800px.png","width":800,"height":302,"caption":"Aglow International"},"image":{"@id":"https:\/\/aglow.org\/pt-pt\/#\/schema\/logo\/image\/"}},{"@type":"Person","@id":"https:\/\/aglow.org\/pt-pt\/#\/schema\/person\/ab87b10e1b33a6ac307e9d3e79df1004","name":"Kathy Sanders","image":{"@type":"ImageObject","inLanguage":"pt-PT","@id":"https:\/\/secure.gravatar.com\/avatar\/b3b279541b9e0d2829dc85ead19fcb579baadc768e4f3452dd3ddbb48d4b067e?s=96&d=mm&r=g","url":"https:\/\/secure.gravatar.com\/avatar\/b3b279541b9e0d2829dc85ead19fcb579baadc768e4f3452dd3ddbb48d4b067e?s=96&d=mm&r=g","contentUrl":"https:\/\/secure.gravatar.com\/avatar\/b3b279541b9e0d2829dc85ead19fcb579baadc768e4f3452dd3ddbb48d4b067e?s=96&d=mm&r=g","caption":"Kathy Sanders"},"url":"https:\/\/aglow.org\/pt-pt\/author\/kathy-s\/"}]}},"_links":{"self":[{"href":"https:\/\/aglow.org\/pt-pt\/wp-json\/wp\/v2\/posts\/5982","targetHints":{"allow":["GET"]}}],"collection":[{"href":"https:\/\/aglow.org\/pt-pt\/wp-json\/wp\/v2\/posts"}],"about":[{"href":"https:\/\/aglow.org\/pt-pt\/wp-json\/wp\/v2\/types\/post"}],"author":[{"embeddable":true,"href":"https:\/\/aglow.org\/pt-pt\/wp-json\/wp\/v2\/users\/9"}],"replies":[{"embeddable":true,"href":"https:\/\/aglow.org\/pt-pt\/wp-json\/wp\/v2\/comments?post=5982"}],"version-history":[{"count":1,"href":"https:\/\/aglow.org\/pt-pt\/wp-json\/wp\/v2\/posts\/5982\/revisions"}],"predecessor-version":[{"id":5983,"href":"https:\/\/aglow.org\/pt-pt\/wp-json\/wp\/v2\/posts\/5982\/revisions\/5983"}],"wp:featuredmedia":[{"embeddable":true,"href":"https:\/\/aglow.org\/pt-pt\/wp-json\/wp\/v2\/media\/5981"}],"wp:attachment":[{"href":"https:\/\/aglow.org\/pt-pt\/wp-json\/wp\/v2\/media?parent=5982"}],"wp:term":[{"taxonomy":"category","embeddable":true,"href":"https:\/\/aglow.org\/pt-pt\/wp-json\/wp\/v2\/categories?post=5982"},{"taxonomy":"post_tag","embeddable":true,"href":"https:\/\/aglow.org\/pt-pt\/wp-json\/wp\/v2\/tags?post=5982"}],"curies":[{"name":"wp","href":"https:\/\/api.w.org\/{rel}","templated":true}]}}