{"id":11845,"date":"2026-09-01T16:54:54","date_gmt":"2026-09-01T16:54:54","guid":{"rendered":"https:\/\/aglow.org\/graca-maravilhosa\/"},"modified":"2026-09-01T17:18:24","modified_gmt":"2026-09-01T17:18:24","slug":"graca-maravilhosa","status":"publish","type":"post","link":"https:\/\/aglow.org\/pt-pt\/graca-maravilhosa\/","title":{"rendered":"Gra\u00e7a maravilhosa"},"content":{"rendered":"\n<p class=\"wp-block-paragraph\">Este ano, Jill Meskimen foi homenageada no retiro do Minist\u00e9rio de Pris\u00f5es da Aglow na Calif\u00f3rnia por seus 30 anos de servi\u00e7o \u2014 um feito in\u00e9dito nos 43 anos de atua\u00e7\u00e3o do minist\u00e9rio de pris\u00f5es da Aglow. O evento, que marcou a 33\u00aa edi\u00e7\u00e3o anual do retiro, contou com a presen\u00e7a de muitas mulheres transformadas pelo poder do amor de Deus.  <\/p>\n\n<p class=\"wp-block-paragraph\">A noite de sexta-feira come\u00e7ou com um jantar, seguido de um momento na Capela, onde um tempo poderoso de adora\u00e7\u00e3o e ora\u00e7\u00e3o foi sucedido por uma mensagem de Karen Quadara. <\/p>\n\n<p class=\"wp-block-paragraph\">O s\u00e1bado come\u00e7ou com um caf\u00e9 da manh\u00e3 completo; em seguida, Lucinda Barrios trouxe uma mensagem. A equipe espanhola tamb\u00e9m apresentou uma dan\u00e7a de louvor especial. <\/p>\n\n<p class=\"wp-block-paragraph\">A tarde de s\u00e1bado foi conduzida por Suzy Mellon e Viola Anderson, que coordenaram os testemunhos dos presentes. Muitas hist\u00f3rias sobre o amor redentor de Deus foram compartilhadas.  <\/p>\n\n<p class=\"wp-block-paragraph\">Na noite de s\u00e1bado, Julia Pearson cantou diversos tipos de can\u00e7\u00f5es de adora\u00e7\u00e3o para demonstrar que podemos louvar mesmo quando a vida d\u00f3i. Debra Mumma foi a preletora. Todas tiveram a oportunidade de fazer compras na loja, cuja renda ajuda a custear bolsas de estudo para as participantes deste fim de semana especial. Ap\u00f3s o culto, as mulheres se reuniram ao redor de uma fogueira para mais momentos de adora\u00e7\u00e3o e para comer *s&#8217;mores*! Foi uma noite perfeita para todas as presentes.    <\/p>\n\n<p class=\"wp-block-paragraph\">As manh\u00e3s de domingo s\u00e3o sempre agridoce, pois chega a hora de partir. Jenny Travis falou, e o grupo participou da comunh\u00e3o antes dos \u00faltimos abra\u00e7os e despedidas.  <\/p>\n\n<p class=\"wp-block-paragraph\">Desde o primeiro Retiro da Aglow em pres\u00eddios da Calif\u00f3rnia, mulheres chegam de uma maneira e saem transformadas pela bondade de Deus. Em Sua presen\u00e7a, h\u00e1 verdadeiramente plenitude de alegria. Cora\u00e7\u00f5es quebrantados s\u00e3o restaurados. Cora\u00e7\u00f5es endurecidos s\u00e3o quebrantados. O desespero \u00e9 vencido \u00e0 medida que a Verdade liberta aquelas que antes viviam em cativeiro. Gra\u00e7as a Deus pela fidelidade das mulheres da Aglow em levar a mensagem do Evangelho para al\u00e9m das portas trancadas.     <\/p>\n","protected":false},"excerpt":{"rendered":"<p>Este ano, Jill Meskimen foi homenageada no retiro do Minist\u00e9rio de Pris\u00f5es da Aglow na Calif\u00f3rnia por seus 30 anos de servi\u00e7o \u2014 um feito in\u00e9dito nos 43 anos de atua\u00e7\u00e3o do minist\u00e9rio de pris\u00f5es da Aglow. <\/p>\n","protected":false},"author":9,"featured_media":11844,"comment_status":"open","ping_status":"open","sticky":false,"template":"","format":"standard","meta":{"footnotes":""},"categories":[73],"tags":[],"class_list":["post-11845","post","type-post","status-publish","format-standard","has-post-thumbnail","hentry","category-news-pt-pt"],"yoast_head":"<!-- This site is optimized with the Yoast SEO plugin v28.3 - https:\/\/yoast.com\/product\/yoast-seo-wordpress\/ -->\n<title>Gra\u00e7a maravilhosa - Aglow International<\/title>\n<meta name=\"robots\" content=\"index, follow, max-snippet:-1, max-image-preview:large, max-video-preview:-1\" \/>\n<link rel=\"canonical\" href=\"https:\/\/aglow.org\/pt-pt\/graca-maravilhosa\/\" \/>\n<meta property=\"og:locale\" content=\"pt_PT\" \/>\n<meta property=\"og:type\" content=\"article\" \/>\n<meta property=\"og:title\" content=\"Gra\u00e7a maravilhosa - Aglow International\" \/>\n<meta property=\"og:description\" content=\"Este ano, Jill Meskimen foi homenageada no retiro do Minist\u00e9rio de Pris\u00f5es da Aglow na Calif\u00f3rnia por seus 30 anos de servi\u00e7o \u2014 um feito in\u00e9dito nos 43 anos de atua\u00e7\u00e3o do minist\u00e9rio de pris\u00f5es da Aglow.\" \/>\n<meta property=\"og:url\" content=\"https:\/\/aglow.org\/pt-pt\/graca-maravilhosa\/\" \/>\n<meta property=\"og:site_name\" content=\"Aglow International\" \/>\n<meta property=\"article:published_time\" content=\"2026-09-01T16:54:54+00:00\" \/>\n<meta property=\"article:modified_time\" content=\"2026-09-01T17:18:24+00:00\" \/>\n<meta property=\"og:image\" content=\"https:\/\/aglow.org\/wp-content\/uploads\/2026\/09\/2026-9-1-CA-Prison.jpg\" \/>\n\t<meta property=\"og:image:width\" content=\"807\" \/>\n\t<meta property=\"og:image:height\" content=\"475\" \/>\n\t<meta property=\"og:image:type\" content=\"image\/jpeg\" \/>\n<meta name=\"author\" content=\"Kathy Sanders\" \/>\n<meta name=\"twitter:card\" content=\"summary_large_image\" \/>\n<meta name=\"twitter:label1\" content=\"Escrito por\" \/>\n\t<meta name=\"twitter:data1\" content=\"Kathy Sanders\" \/>\n\t<meta name=\"twitter:label2\" content=\"Tempo estimado de leitura\" \/>\n\t<meta name=\"twitter:data2\" content=\"2 minutos\" \/>\n<script type=\"application\/ld+json\" class=\"yoast-schema-graph\">{\"@context\":\"https:\\\/\\\/schema.org\",\"@graph\":[{\"@type\":\"Article\",\"@id\":\"https:\\\/\\\/aglow.org\\\/pt-pt\\\/graca-maravilhosa\\\/#article\",\"isPartOf\":{\"@id\":\"https:\\\/\\\/aglow.org\\\/pt-pt\\\/graca-maravilhosa\\\/\"},\"author\":{\"name\":\"Kathy Sanders\",\"@id\":\"https:\\\/\\\/aglow.org\\\/pt-pt\\\/#\\\/schema\\\/person\\\/ab87b10e1b33a6ac307e9d3e79df1004\"},\"headline\":\"Gra\u00e7a maravilhosa\",\"datePublished\":\"2026-09-01T16:54:54+00:00\",\"dateModified\":\"2026-09-01T17:18:24+00:00\",\"mainEntityOfPage\":{\"@id\":\"https:\\\/\\\/aglow.org\\\/pt-pt\\\/graca-maravilhosa\\\/\"},\"wordCount\":365,\"commentCount\":0,\"publisher\":{\"@id\":\"https:\\\/\\\/aglow.org\\\/pt-pt\\\/#organization\"},\"image\":{\"@id\":\"https:\\\/\\\/aglow.org\\\/pt-pt\\\/graca-maravilhosa\\\/#primaryimage\"},\"thumbnailUrl\":\"https:\\\/\\\/aglow.org\\\/wp-content\\\/uploads\\\/2026\\\/09\\\/2026-9-1-CA-Prison.jpg\",\"articleSection\":[\"News\"],\"inLanguage\":\"pt-PT\",\"potentialAction\":[{\"@type\":\"CommentAction\",\"name\":\"Comment\",\"target\":[\"https:\\\/\\\/aglow.org\\\/pt-pt\\\/graca-maravilhosa\\\/#respond\"]}]},{\"@type\":\"WebPage\",\"@id\":\"https:\\\/\\\/aglow.org\\\/pt-pt\\\/graca-maravilhosa\\\/\",\"url\":\"https:\\\/\\\/aglow.org\\\/pt-pt\\\/graca-maravilhosa\\\/\",\"name\":\"Gra\u00e7a maravilhosa - Aglow International\",\"isPartOf\":{\"@id\":\"https:\\\/\\\/aglow.org\\\/pt-pt\\\/#website\"},\"primaryImageOfPage\":{\"@id\":\"https:\\\/\\\/aglow.org\\\/pt-pt\\\/graca-maravilhosa\\\/#primaryimage\"},\"image\":{\"@id\":\"https:\\\/\\\/aglow.org\\\/pt-pt\\\/graca-maravilhosa\\\/#primaryimage\"},\"thumbnailUrl\":\"https:\\\/\\\/aglow.org\\\/wp-content\\\/uploads\\\/2026\\\/09\\\/2026-9-1-CA-Prison.jpg\",\"datePublished\":\"2026-09-01T16:54:54+00:00\",\"dateModified\":\"2026-09-01T17:18:24+00:00\",\"breadcrumb\":{\"@id\":\"https:\\\/\\\/aglow.org\\\/pt-pt\\\/graca-maravilhosa\\\/#breadcrumb\"},\"inLanguage\":\"pt-PT\",\"potentialAction\":[{\"@type\":\"ReadAction\",\"target\":[\"https:\\\/\\\/aglow.org\\\/pt-pt\\\/graca-maravilhosa\\\/\"]}]},{\"@type\":\"ImageObject\",\"inLanguage\":\"pt-PT\",\"@id\":\"https:\\\/\\\/aglow.org\\\/pt-pt\\\/graca-maravilhosa\\\/#primaryimage\",\"url\":\"https:\\\/\\\/aglow.org\\\/wp-content\\\/uploads\\\/2026\\\/09\\\/2026-9-1-CA-Prison.jpg\",\"contentUrl\":\"https:\\\/\\\/aglow.org\\\/wp-content\\\/uploads\\\/2026\\\/09\\\/2026-9-1-CA-Prison.jpg\",\"width\":807,\"height\":475,\"caption\":\"Retiro do Minist\u00e9rio Prisional Aglow da Calif\u00f3rnia\"},{\"@type\":\"BreadcrumbList\",\"@id\":\"https:\\\/\\\/aglow.org\\\/pt-pt\\\/graca-maravilhosa\\\/#breadcrumb\",\"itemListElement\":[{\"@type\":\"ListItem\",\"position\":1,\"name\":\"Home\",\"item\":\"https:\\\/\\\/aglow.org\\\/pt-pt\\\/\"},{\"@type\":\"ListItem\",\"position\":2,\"name\":\"Gra\u00e7a maravilhosa\"}]},{\"@type\":\"WebSite\",\"@id\":\"https:\\\/\\\/aglow.org\\\/pt-pt\\\/#website\",\"url\":\"https:\\\/\\\/aglow.org\\\/pt-pt\\\/\",\"name\":\"Aglow International\",\"description\":\"\",\"publisher\":{\"@id\":\"https:\\\/\\\/aglow.org\\\/pt-pt\\\/#organization\"},\"potentialAction\":[{\"@type\":\"SearchAction\",\"target\":{\"@type\":\"EntryPoint\",\"urlTemplate\":\"https:\\\/\\\/aglow.org\\\/pt-pt\\\/?s={search_term_string}\"},\"query-input\":{\"@type\":\"PropertyValueSpecification\",\"valueRequired\":true,\"valueName\":\"search_term_string\"}}],\"inLanguage\":\"pt-PT\"},{\"@type\":\"Organization\",\"@id\":\"https:\\\/\\\/aglow.org\\\/pt-pt\\\/#organization\",\"name\":\"Aglow International\",\"url\":\"https:\\\/\\\/aglow.org\\\/pt-pt\\\/\",\"logo\":{\"@type\":\"ImageObject\",\"inLanguage\":\"pt-PT\",\"@id\":\"https:\\\/\\\/aglow.org\\\/pt-pt\\\/#\\\/schema\\\/logo\\\/image\\\/\",\"url\":\"https:\\\/\\\/aglow.org\\\/wp-content\\\/uploads\\\/2025\\\/04\\\/Aglow_logo_orange_800px.png\",\"contentUrl\":\"https:\\\/\\\/aglow.org\\\/wp-content\\\/uploads\\\/2025\\\/04\\\/Aglow_logo_orange_800px.png\",\"width\":800,\"height\":302,\"caption\":\"Aglow International\"},\"image\":{\"@id\":\"https:\\\/\\\/aglow.org\\\/pt-pt\\\/#\\\/schema\\\/logo\\\/image\\\/\"}},{\"@type\":\"Person\",\"@id\":\"https:\\\/\\\/aglow.org\\\/pt-pt\\\/#\\\/schema\\\/person\\\/ab87b10e1b33a6ac307e9d3e79df1004\",\"name\":\"Kathy Sanders\",\"image\":{\"@type\":\"ImageObject\",\"inLanguage\":\"pt-PT\",\"@id\":\"https:\\\/\\\/secure.gravatar.com\\\/avatar\\\/b3b279541b9e0d2829dc85ead19fcb579baadc768e4f3452dd3ddbb48d4b067e?s=96&d=mm&r=g\",\"url\":\"https:\\\/\\\/secure.gravatar.com\\\/avatar\\\/b3b279541b9e0d2829dc85ead19fcb579baadc768e4f3452dd3ddbb48d4b067e?s=96&d=mm&r=g\",\"contentUrl\":\"https:\\\/\\\/secure.gravatar.com\\\/avatar\\\/b3b279541b9e0d2829dc85ead19fcb579baadc768e4f3452dd3ddbb48d4b067e?s=96&d=mm&r=g\",\"caption\":\"Kathy Sanders\"},\"url\":\"https:\\\/\\\/aglow.org\\\/pt-pt\\\/author\\\/kathy-s\\\/\"}]}<\/script>\n<!-- \/ Yoast SEO plugin. -->","yoast_head_json":{"title":"Gra\u00e7a maravilhosa - Aglow International","robots":{"index":"index","follow":"follow","max-snippet":"max-snippet:-1","max-image-preview":"max-image-preview:large","max-video-preview":"max-video-preview:-1"},"canonical":"https:\/\/aglow.org\/pt-pt\/graca-maravilhosa\/","og_locale":"pt_PT","og_type":"article","og_title":"Gra\u00e7a maravilhosa - Aglow International","og_description":"Este ano, Jill Meskimen foi homenageada no retiro do Minist\u00e9rio de Pris\u00f5es da Aglow na Calif\u00f3rnia por seus 30 anos de servi\u00e7o \u2014 um feito in\u00e9dito nos 43 anos de atua\u00e7\u00e3o do minist\u00e9rio de pris\u00f5es da Aglow.","og_url":"https:\/\/aglow.org\/pt-pt\/graca-maravilhosa\/","og_site_name":"Aglow International","article_published_time":"2026-09-01T16:54:54+00:00","article_modified_time":"2026-09-01T17:18:24+00:00","og_image":[{"width":807,"height":475,"url":"https:\/\/aglow.org\/wp-content\/uploads\/2026\/09\/2026-9-1-CA-Prison.jpg","type":"image\/jpeg"}],"author":"Kathy Sanders","twitter_card":"summary_large_image","twitter_misc":{"Escrito por":"Kathy Sanders","Tempo estimado de leitura":"2 minutos"},"schema":{"@context":"https:\/\/schema.org","@graph":[{"@type":"Article","@id":"https:\/\/aglow.org\/pt-pt\/graca-maravilhosa\/#article","isPartOf":{"@id":"https:\/\/aglow.org\/pt-pt\/graca-maravilhosa\/"},"author":{"name":"Kathy Sanders","@id":"https:\/\/aglow.org\/pt-pt\/#\/schema\/person\/ab87b10e1b33a6ac307e9d3e79df1004"},"headline":"Gra\u00e7a maravilhosa","datePublished":"2026-09-01T16:54:54+00:00","dateModified":"2026-09-01T17:18:24+00:00","mainEntityOfPage":{"@id":"https:\/\/aglow.org\/pt-pt\/graca-maravilhosa\/"},"wordCount":365,"commentCount":0,"publisher":{"@id":"https:\/\/aglow.org\/pt-pt\/#organization"},"image":{"@id":"https:\/\/aglow.org\/pt-pt\/graca-maravilhosa\/#primaryimage"},"thumbnailUrl":"https:\/\/aglow.org\/wp-content\/uploads\/2026\/09\/2026-9-1-CA-Prison.jpg","articleSection":["News"],"inLanguage":"pt-PT","potentialAction":[{"@type":"CommentAction","name":"Comment","target":["https:\/\/aglow.org\/pt-pt\/graca-maravilhosa\/#respond"]}]},{"@type":"WebPage","@id":"https:\/\/aglow.org\/pt-pt\/graca-maravilhosa\/","url":"https:\/\/aglow.org\/pt-pt\/graca-maravilhosa\/","name":"Gra\u00e7a maravilhosa - Aglow International","isPartOf":{"@id":"https:\/\/aglow.org\/pt-pt\/#website"},"primaryImageOfPage":{"@id":"https:\/\/aglow.org\/pt-pt\/graca-maravilhosa\/#primaryimage"},"image":{"@id":"https:\/\/aglow.org\/pt-pt\/graca-maravilhosa\/#primaryimage"},"thumbnailUrl":"https:\/\/aglow.org\/wp-content\/uploads\/2026\/09\/2026-9-1-CA-Prison.jpg","datePublished":"2026-09-01T16:54:54+00:00","dateModified":"2026-09-01T17:18:24+00:00","breadcrumb":{"@id":"https:\/\/aglow.org\/pt-pt\/graca-maravilhosa\/#breadcrumb"},"inLanguage":"pt-PT","potentialAction":[{"@type":"ReadAction","target":["https:\/\/aglow.org\/pt-pt\/graca-maravilhosa\/"]}]},{"@type":"ImageObject","inLanguage":"pt-PT","@id":"https:\/\/aglow.org\/pt-pt\/graca-maravilhosa\/#primaryimage","url":"https:\/\/aglow.org\/wp-content\/uploads\/2026\/09\/2026-9-1-CA-Prison.jpg","contentUrl":"https:\/\/aglow.org\/wp-content\/uploads\/2026\/09\/2026-9-1-CA-Prison.jpg","width":807,"height":475,"caption":"Retiro do Minist\u00e9rio Prisional Aglow da Calif\u00f3rnia"},{"@type":"BreadcrumbList","@id":"https:\/\/aglow.org\/pt-pt\/graca-maravilhosa\/#breadcrumb","itemListElement":[{"@type":"ListItem","position":1,"name":"Home","item":"https:\/\/aglow.org\/pt-pt\/"},{"@type":"ListItem","position":2,"name":"Gra\u00e7a maravilhosa"}]},{"@type":"WebSite","@id":"https:\/\/aglow.org\/pt-pt\/#website","url":"https:\/\/aglow.org\/pt-pt\/","name":"Aglow International","description":"","publisher":{"@id":"https:\/\/aglow.org\/pt-pt\/#organization"},"potentialAction":[{"@type":"SearchAction","target":{"@type":"EntryPoint","urlTemplate":"https:\/\/aglow.org\/pt-pt\/?s={search_term_string}"},"query-input":{"@type":"PropertyValueSpecification","valueRequired":true,"valueName":"search_term_string"}}],"inLanguage":"pt-PT"},{"@type":"Organization","@id":"https:\/\/aglow.org\/pt-pt\/#organization","name":"Aglow International","url":"https:\/\/aglow.org\/pt-pt\/","logo":{"@type":"ImageObject","inLanguage":"pt-PT","@id":"https:\/\/aglow.org\/pt-pt\/#\/schema\/logo\/image\/","url":"https:\/\/aglow.org\/wp-content\/uploads\/2025\/04\/Aglow_logo_orange_800px.png","contentUrl":"https:\/\/aglow.org\/wp-content\/uploads\/2025\/04\/Aglow_logo_orange_800px.png","width":800,"height":302,"caption":"Aglow International"},"image":{"@id":"https:\/\/aglow.org\/pt-pt\/#\/schema\/logo\/image\/"}},{"@type":"Person","@id":"https:\/\/aglow.org\/pt-pt\/#\/schema\/person\/ab87b10e1b33a6ac307e9d3e79df1004","name":"Kathy Sanders","image":{"@type":"ImageObject","inLanguage":"pt-PT","@id":"https:\/\/secure.gravatar.com\/avatar\/b3b279541b9e0d2829dc85ead19fcb579baadc768e4f3452dd3ddbb48d4b067e?s=96&d=mm&r=g","url":"https:\/\/secure.gravatar.com\/avatar\/b3b279541b9e0d2829dc85ead19fcb579baadc768e4f3452dd3ddbb48d4b067e?s=96&d=mm&r=g","contentUrl":"https:\/\/secure.gravatar.com\/avatar\/b3b279541b9e0d2829dc85ead19fcb579baadc768e4f3452dd3ddbb48d4b067e?s=96&d=mm&r=g","caption":"Kathy Sanders"},"url":"https:\/\/aglow.org\/pt-pt\/author\/kathy-s\/"}]}},"_links":{"self":[{"href":"https:\/\/aglow.org\/pt-pt\/wp-json\/wp\/v2\/posts\/11845","targetHints":{"allow":["GET"]}}],"collection":[{"href":"https:\/\/aglow.org\/pt-pt\/wp-json\/wp\/v2\/posts"}],"about":[{"href":"https:\/\/aglow.org\/pt-pt\/wp-json\/wp\/v2\/types\/post"}],"author":[{"embeddable":true,"href":"https:\/\/aglow.org\/pt-pt\/wp-json\/wp\/v2\/users\/9"}],"replies":[{"embeddable":true,"href":"https:\/\/aglow.org\/pt-pt\/wp-json\/wp\/v2\/comments?post=11845"}],"version-history":[{"count":1,"href":"https:\/\/aglow.org\/pt-pt\/wp-json\/wp\/v2\/posts\/11845\/revisions"}],"predecessor-version":[{"id":11846,"href":"https:\/\/aglow.org\/pt-pt\/wp-json\/wp\/v2\/posts\/11845\/revisions\/11846"}],"wp:featuredmedia":[{"embeddable":true,"href":"https:\/\/aglow.org\/pt-pt\/wp-json\/wp\/v2\/media\/11844"}],"wp:attachment":[{"href":"https:\/\/aglow.org\/pt-pt\/wp-json\/wp\/v2\/media?parent=11845"}],"wp:term":[{"taxonomy":"category","embeddable":true,"href":"https:\/\/aglow.org\/pt-pt\/wp-json\/wp\/v2\/categories?post=11845"},{"taxonomy":"post_tag","embeddable":true,"href":"https:\/\/aglow.org\/pt-pt\/wp-json\/wp\/v2\/tags?post=11845"}],"curies":[{"name":"wp","href":"https:\/\/api.w.org\/{rel}","templated":true}]}}