{"id":11815,"date":"2026-08-25T16:27:02","date_gmt":"2026-08-25T16:27:02","guid":{"rendered":"https:\/\/aglow.org\/setembro-de-2026\/"},"modified":"2026-08-27T15:39:21","modified_gmt":"2026-08-27T15:39:21","slug":"setembro-de-2026","status":"publish","type":"post","link":"https:\/\/aglow.org\/pt-pt\/setembro-de-2026\/","title":{"rendered":"Setembro de 2026"},"content":{"rendered":"\n<div class=\"wp-block-buttons is-layout-flex wp-block-buttons-is-layout-flex\">\n<div class=\"wp-block-button is-style-fill\"><a class=\"wp-block-button__link has-fl-accent-background-color has-background wp-element-button\" href=\"https:\/\/aglow.org\/wp-content\/uploads\/2026\/08\/2026-09-Global-Prayer-Targets-EN2.pdf\" target=\"_blank\" rel=\"noopener\">Baixar um PDF<\/a><\/div>\n<\/div>\n\n<p class=\"wp-block-paragraph\">O seguinte trecho foi retirado da p\u00e1gina da nossa <a href=\"https:\/\/www.facebook.com\/nancymcdanielaglow\">Presidente no Facebook:<\/a><\/p>\n\n<p class=\"wp-block-paragraph\">Voc\u00ea tem uma passagem b\u00edblica favorita? Tenho v\u00e1rias, mas uma que me inspira continuamente \u00e9 Ef\u00e9sios 3:20: <\/p>\n\n<blockquote class=\"wp-block-quote is-layout-flow wp-block-quote-is-layout-flow\">\n<p class=\"has-text-align-left wp-block-paragraph\">Ora, \u00e0quele que \u00e9 capaz de fazer infinitamente mais do que tudo o que pedimos ou pensamos, segundo o poder que opera em n\u00f3s.<\/p>\n<\/blockquote>\n\n<p class=\"wp-block-paragraph\">Toda vez que leio este vers\u00edculo, lembro-me da bondade incr\u00edvel e do poder ilimitado de Deus. Ele expande a minha f\u00e9 e me convida a sonhar al\u00e9m do que posso ver com os meus olhos naturais. Ele me encoraja a fazer ora\u00e7\u00f5es mais ousadas, a confiar mais profundamente e a acreditar que Deus est\u00e1 agindo muito al\u00e9m da minha compreens\u00e3o.  <\/p>\n\n<p class=\"wp-block-paragraph\">Como \u00e9 reconfortante saber que Deus n\u00e3o est\u00e1 limitado pelas nossas circunst\u00e2ncias, pelos nossos recursos ou mesmo pela nossa pr\u00f3pria imagina\u00e7\u00e3o. Ele n\u00e3o est\u00e1 restrito aos desafios que enfrentamos nem \u00e0s solu\u00e7\u00f5es que conseguimos idealizar. O Senhor v\u00ea o come\u00e7o e o fim, e \u00e9 capaz de realizar muito mais do que jamais poder\u00edamos pedir, pensar ou ousar esperar.  <\/p>\n\n<p class=\"wp-block-paragraph\">N\u00e3o \u00e9 maravilhoso? O Deus que criou os c\u00e9us e a Terra nos convida a nos unirmos a Ele em Seus prop\u00f3sitos. <\/p>\n\n<p class=\"wp-block-paragraph\">Uma frase neste vers\u00edculo especialmente conquista meu cora\u00e7\u00e3o: &#8220;segundo o poder que opera em n\u00f3s.&#8221; Deus n\u00e3o age simplesmente ao nosso redor \u2014 ele age atrav\u00e9s de n\u00f3s. O poder que opera dentro de n\u00f3s \u00e9 o poder do Esp\u00edrito Santo, a pr\u00f3pria Presen\u00e7a de Deus habitando Seu povo.  <\/p>\n\n<p class=\"wp-block-paragraph\">A palavra traduzida como &#8220;poder&#8221; carrega a ideia de uma capacidade poderosa e miraculosa. Que pensamento maravilhoso! Por meio do Esp\u00edrito Santo, Deus depositou milagres em voc\u00ea! Permita que Deus o surpreenda com o poder miraculoso do Seu Esp\u00edrito, enquanto Ele realiza em voc\u00ea e por meio de voc\u00ea milagres que superam os seus maiores sonhos.   <\/p>\n\n<p class=\"wp-block-paragraph\">Meu amigo, talvez Deus queira ampliar a sua vis\u00e3o hoje. Talvez Ele esteja convidando voc\u00ea a crer novamente, a ter esperan\u00e7a novamente ou a avan\u00e7ar com f\u00e9 onde o medo o reteve. O mesmo Esp\u00edrito que ressuscitou Cristo dentre os mortos habita em voc\u00ea. O poder d\u2019Ele continua em a\u00e7\u00e3o. Os planos d\u2019Ele continuam se concretizando. Os milagres d\u2019Ele continuam acontecendo.     <\/p>\n\n<p class=\"wp-block-paragraph\">Que possamos abrir plenamente nossos cora\u00e7\u00f5es para tudo o que Ele deseja realizar em n\u00f3s e por meio de n\u00f3s. Que permitamos que Ele nos surpreenda com Sua bondade, amplie nossa capacidade de crer e nos conduza a aventuras de f\u00e9 que superem nossas maiores expectativas. <\/p>\n\n<p class=\"wp-block-paragraph\">Senhor, alarga os nossos cora\u00e7\u00f5es para Te conhecermos mais. Aumenta a nossa f\u00e9 para crermos em Ti para coisas maiores. Enche-nos com mais da Tua presen\u00e7a, mais do Teu amor e mais do Teu poder miraculoso. Que as nossas vidas reflitam a Tua gl\u00f3ria enquanto Tu ages em n\u00f3s e atrav\u00e9s de n\u00f3s, de maneiras que v\u00e3o al\u00e9m de tudo o que poder\u00edamos pedir ou imaginar. Am\u00e9m.    <\/p>\n\n<ul class=\"wp-block-list\">\n<li>Senhor, declaramos que Teus desejos est\u00e3o se tornando os nossos!<\/li>\n\n\n\n<li>Senhor, declaramos que o Teu poder est\u00e1 agindo em n\u00f3s com poder!<\/li>\n\n\n\n<li>Senhor, declaramos que Tu n\u00e3o est\u00e1s limitado por nossas circunst\u00e2ncias!<\/li>\n\n\n\n<li>Senhor, declaramos que h\u00e1 abund\u00e2ncia deia milagres na Aglow!<\/li>\n\n\n\n<li>Senhor, declaramos que esse milagre abunda em n\u00f3s!<\/li>\n<\/ul>\n\n<h3 class=\"wp-block-heading\"><a href=\"https:\/\/aglow.org\/pt-pt\/oracao-para-iluminar-as-nacoes\/\">Ilumine as Na\u00e7\u00f5es<\/a><\/h3>\n\n<h4 class=\"wp-block-heading\">Uma Iniciativa Estrat\u00e9gica de Ora\u00e7\u00e3o<\/h4>\n\n<p class=\"wp-block-paragraph\">Obrigada a todos que adotaram uma na\u00e7\u00e3o. Obrigada por todas as suas ora\u00e7\u00f5es! Nosso ex\u00e9rcito Aglow \u00e9 um ex\u00e9rcito global! Queremos que todas as na\u00e7\u00f5es sejam tocadas! E todo cora\u00e7\u00e3o transformado! \u00c0 medida que nos preparamos para entrar no solo destas terras e entrar em contato com as vidas que Jesus morreu para libertar, orem para que haja um despertar nos l\u00edderes dessas na\u00e7\u00f5es. Que, ao profetizarmos a luz para as trevas, os cora\u00e7\u00f5es se entreguem ao amor de Jesus. Todas essas na\u00e7\u00f5es ser\u00e3o visitadas e ter\u00e3o &#8220;tropas no terreno&#8221; entre 23 de setembro e 4 de outubro! Veja o que Deus fez atrav\u00e9s de nossas ora\u00e7\u00f5es!!        <\/p>\n\n<blockquote class=\"wp-block-quote is-layout-flow wp-block-quote-is-layout-flow\">\n<p class=\"has-text-align-center wp-block-paragraph\"><a href=\"https:\/\/aglowglobalprayer.org\/middle-east\/afghanistan\/\" target=\"_blank\" rel=\"noopener\">Afghanistan<\/a>, <a href=\"https:\/\/aglowglobalprayer.org\/africa\/algeria\/\" target=\"_blank\" rel=\"noopener\">Algeria<\/a>, <a href=\"https:\/\/aglowglobalprayer.org\/europe\/azerbaijan\/\" target=\"_blank\" rel=\"noopener\">Azerbaijan<\/a>, <a href=\"https:\/\/aglowglobalprayer.org\/middle-east\/bahrain\/\" target=\"_blank\" rel=\"noopener\">Bahrain<\/a>, <a href=\"https:\/\/aglowglobalprayer.org\/africa\/comoros\/\" target=\"_blank\" rel=\"noopener\">Comoros<\/a>, <a href=\"https:\/\/aglowglobalprayer.org\/africa\/djibouti\/\" target=\"_blank\" rel=\"noopener\">Djibouti<\/a>,      <a href=\"https:\/\/aglowglobalprayer.org\/africa\/egypt\/\" target=\"_blank\" rel=\"noopener\">Egypt<\/a>, Palestine, <a href=\"https:\/\/aglowglobalprayer.org\/asia\/indonesia\/\" target=\"_blank\" rel=\"noopener\">Indonesia<\/a>, <a href=\"https:\/\/aglowglobalprayer.org\/middle-east\/iran\/\" target=\"_blank\" rel=\"noopener\">Iran<\/a>, <a href=\"https:\/\/aglowglobalprayer.org\/middle-east\/iraq\/\" target=\"_blank\" rel=\"noopener\">Iraq<\/a>, <a href=\"https:\/\/aglowglobalprayer.org\/middle-east\/israel\/\" target=\"_blank\" rel=\"noopener\">Israel<\/a>, <a href=\"https:\/\/aglowglobalprayer.org\/middle-east\/jordan\/\" target=\"_blank\" rel=\"noopener\">Jordan<\/a>, <a href=\"https:\/\/aglowglobalprayer.org\/asia\/kazakhstan\/\" target=\"_blank\" rel=\"noopener\">Kazakhstan<\/a>, <a href=\"https:\/\/aglowglobalprayer.org\/middle-east\/kuwait\/\" target=\"_blank\" rel=\"noopener\">Kuwait<\/a>, <a href=\"https:\/\/aglowglobalprayer.org\/asia\/kyrgyzstan\/\" target=\"_blank\" rel=\"noopener\">Kyrgyzstan<\/a>, <a href=\"https:\/\/aglowglobalprayer.org\/middle-east\/lebanon\/\" target=\"_blank\" rel=\"noopener\">Lebanon<\/a>, <a href=\"https:\/\/aglowglobalprayer.org\/africa\/libya\/\" target=\"_blank\" rel=\"noopener\">Libya<\/a>, <a href=\"https:\/\/aglowglobalprayer.org\/africa\/mauritania\/\" target=\"_blank\" rel=\"noopener\">Mauritania<\/a>, <a href=\"https:\/\/aglowglobalprayer.org\/africa\/morocco\/\" target=\"_blank\" rel=\"noopener\">Morocco<\/a>,             <a href=\"https:\/\/aglowglobalprayer.org\/africa\/mozambique\/\" target=\"_blank\" rel=\"noopener\">Mozambique<\/a>, <a href=\"https:\/\/aglowglobalprayer.org\/africa\/nigeria\/\" target=\"_blank\" rel=\"noopener\">Nigeria<\/a>, <a href=\"https:\/\/aglowglobalprayer.org\/middle-east\/oman\/\" target=\"_blank\" rel=\"noopener\">Oman<\/a>, <a href=\"https:\/\/aglowglobalprayer.org\/asia\/pakistan\/\" target=\"_blank\" rel=\"noopener\">Pakistan<\/a>, <a href=\"https:\/\/aglowglobalprayer.org\/middle-east\/qatar\/\" target=\"_blank\" rel=\"noopener\">Qatar<\/a>,     <a href=\"https:\/\/aglowglobalprayer.org\/middle-east\/saudi-arabia\/\" target=\"_blank\" rel=\"noopener\">Saudi Arabia,<\/a> <a href=\"https:\/\/aglowglobalprayer.org\/middle-east\/syria\/\" target=\"_blank\" rel=\"noopener\">Syria<\/a>, <a href=\"https:\/\/aglowglobalprayer.org\/africa\/somalia\/\" target=\"_blank\" rel=\"noopener\">Somalia<\/a>, Somaliland, <a href=\"https:\/\/aglowglobalprayer.org\/africa\/sudan\/\" target=\"_blank\" rel=\"noopener\">Sudan<\/a>, <a href=\"https:\/\/aglowglobalprayer.org\/asia\/tajikistan\/\" target=\"_blank\" rel=\"noopener\">Tajikistan<\/a>, <a href=\"https:\/\/aglowglobalprayer.org\/africa\/tunisia\/\" target=\"_blank\" rel=\"noopener\">Tunisia<\/a>, <a href=\"https:\/\/aglowglobalprayer.org\/europe\/turkey\/\" target=\"_blank\" rel=\"noopener\">Turkey<\/a>, <a href=\"https:\/\/aglowglobalprayer.org\/asia\/turkmenistan\/\" target=\"_blank\" rel=\"noopener\">Turkmenistan<\/a>, <a href=\"https:\/\/aglowglobalprayer.org\/middle-east\/united-arab-emirates\/\" target=\"_blank\" rel=\"noopener\">United Arab Emirates<\/a>, <a href=\"https:\/\/aglowglobalprayer.org\/asia\/uzbekistan\/\" target=\"_blank\" rel=\"noopener\">Uzbekistan<\/a>, <a href=\"https:\/\/aglowglobalprayer.org\/africa\/western-sahara\/\" target=\"_blank\" rel=\"noopener\">Western Sahara<\/a>, <a href=\"https:\/\/aglowglobalprayer.org\/middle-east\/yemen\/\" target=\"_blank\" rel=\"noopener\">Yemen<\/a>.      <\/p>\n<\/blockquote>\n\n<p class=\"wp-block-paragraph\">Obrigado por participarem da ora\u00e7\u00e3o junto com a Aglow e outros trinta e oito minist\u00e9rios ao redor do mundo, enquanto buscamos essas almas! Agora vamos come\u00e7ar a pedir encontros com o povo da terra enquanto o Senhor da Colheita nos envia! <\/p>\n\n<h3 class=\"wp-block-heading\">Cercando Israel em Ora\u00e7\u00e3o<\/h3>\n\n<h4 class=\"wp-block-heading\">Escrito por John McCroskey, Coordenador de Ora\u00e7\u00e3o do Estado Aglow, Texas, EUA<\/h4>\n\n<h3 class=\"wp-block-heading\">Shomer (Guardi\u00e3o)<\/h3>\n\n<p class=\"wp-block-paragraph\">Salmo 121:3-8 Ele n\u00e3o deixar\u00e1 seu p\u00e9 escorregar&#8212; seu guardi\u00e3o n\u00e3o est\u00e1 dormindo. N\u00e3o, o guardi\u00e3o de Isra&#8217;el nunca dorme. ADONAI \u00e9 seu guardi\u00e3o; \u00c0 sua direita. ADONAI oferece sombra &#8212; o sol n\u00e3o pode te atingir durante o dia nem mesmo a lua \u00e0 noite. ADONAI vai proteg\u00ea-los de todo mal; Ele vai proteger sua vida. ADONAI vai proteger sua entrada e sa\u00edda de agora em diante e para sempre.   <\/p>\n\n<p class=\"wp-block-paragraph\">Em Israel, todos os soldados devem cumprir o dever de guarda. A aten\u00e7\u00e3o constante, as longas horas e o calor do deserto podem ser cansativos. MAS&#8212; eles t\u00eam um Guardi\u00e3o. Agradecemos a Ti, Senhor, por ser o Guardi\u00e3o deles, que nunca se cansa de vigiar o povo e a terra de Israel.   <\/p>\n\n<h3 class=\"wp-block-heading\">Uma Mensagem e Uma Ora\u00e7\u00e3o<\/h3>\n\n<p class=\"wp-block-paragraph\">Nancy McDaniel mencionou Ef\u00e9sios 3:20 no post inicial. Paulo escreveu este vers\u00edculo de sua cela porque queria lembrar seus companheiros de cren\u00e7a que o poder de Cristo agindo dentro de n\u00f3s \u00e9 muito maior do que qualquer circunst\u00e2ncia ou limita\u00e7\u00e3o terrena! Recentemente, eu estava assistindo \u00e0 competi\u00e7\u00e3o de nata\u00e7\u00e3o Pan-Americana. Uma das nadadoras havia estabelecido um novo recorde mundial em uma prova pela manh\u00e3. Naquela mesma noite, ela estabeleceu outro recorde mundial em outra corrida! Ouvi ela dizendo ao rep\u00f3rter que a entrevistou que se recusava a acreditar que tinha limites. Em vez disso, ela dizia a si mesma: &#8220;Voc\u00ea pode fazer melhor!&#8221; E ela fez! Quanto mais podemos com Cristo vivendo dentro de n\u00f3s! Cristo em n\u00f3s \u00e9 ilimitado! Ent\u00e3o, fale com sua montanha! Fale sobre sua limita\u00e7\u00e3o! Vamos praticar juntos:            <\/p>\n\n<ul class=\"wp-block-list\">\n<li>Declaro que Cristo em mim \u00e9 maior do que qualquer limita\u00e7\u00e3o!<\/li>\n\n\n\n<li>Declaro que qualquer montanha que esteja no meu caminho deve ser removida!<\/li>\n\n\n\n<li>Declaro que o poder ilimitado de Deus abre novos caminhos diante de mim!<\/li>\n\n\n\n<li>Declare algo seu aqui!<\/li>\n<\/ul>\n\n<p class=\"wp-block-paragraph\">Ao falar essas verdades em voz alta sobre suas circunst\u00e2ncias, certifique-se de registrar os testemunhos do que Deus faz em rela\u00e7\u00e3o \u00e0s suas circunst\u00e2ncias e limita\u00e7\u00f5es, pois Seu poder opera dentro de voc\u00ea! Ent\u00e3o compartilhe o que Ele faz! <\/p>\n\n<p class=\"wp-block-paragraph\">Com alegria,<\/p>\n\n<div class=\"wp-block-columns is-layout-flex wp-container-core-columns-is-layout-8f761849 wp-block-columns-is-layout-flex\">\n<div class=\"wp-block-column is-layout-flow wp-block-column-is-layout-flow\">\n<figure class=\"wp-block-image size-large\"><img loading=\"lazy\" decoding=\"async\" width=\"679\" height=\"1024\" src=\"https:\/\/aglow.org\/wp-content\/uploads\/2025\/04\/Helen-Joy-Dupuree-679x1024.jpg\" alt=\"Helen Joy Dupurree\" class=\"wp-image-852\" srcset=\"https:\/\/aglow.org\/wp-content\/uploads\/2025\/04\/Helen-Joy-Dupuree-679x1024.jpg 679w, https:\/\/aglow.org\/wp-content\/uploads\/2025\/04\/Helen-Joy-Dupuree-199x300.jpg 199w, https:\/\/aglow.org\/wp-content\/uploads\/2025\/04\/Helen-Joy-Dupuree-768x1159.jpg 768w, https:\/\/aglow.org\/wp-content\/uploads\/2025\/04\/Helen-Joy-Dupuree-1018x1536.jpg 1018w, https:\/\/aglow.org\/wp-content\/uploads\/2025\/04\/Helen-Joy-Dupuree-1357x2048.jpg 1357w, https:\/\/aglow.org\/wp-content\/uploads\/2025\/04\/Helen-Joy-Dupuree-scaled.jpg 1697w\" sizes=\"auto, (max-width: 679px) 100vw, 679px\" \/><figcaption class=\"wp-element-caption\">Helen Joy Dupurree, <br\/>Diretora de Ora\u00e7\u00e3o<\/figcaption><\/figure>\n<\/div>\n\n\n\n<div class=\"wp-block-column is-layout-flow wp-block-column-is-layout-flow\"><\/div>\n\n\n\n<div class=\"wp-block-column is-layout-flow wp-block-column-is-layout-flow\"><\/div>\n<\/div>\n","protected":false},"excerpt":{"rendered":"<p>Voc\u00ea tem alguma Escritura favorita? Tenho muitas, mas uma que me inspira continuamente \u00e9 Ef\u00e9sios 3:20: \u00c0quele que \u00e9 capaz de fazer infinitamente mais do que tudo o que pedimos ou pensamos, segundo o seu poder que atua em n\u00f3s. <\/p>\n","protected":false},"author":4,"featured_media":11820,"comment_status":"open","ping_status":"open","sticky":false,"template":"","format":"standard","meta":{"footnotes":""},"categories":[75],"tags":[],"class_list":["post-11815","post","type-post","status-publish","format-standard","has-post-thumbnail","hentry","category-alvos-da-oracao-global"],"yoast_head":"<!-- This site is optimized with the Yoast SEO plugin v28.3 - https:\/\/yoast.com\/product\/yoast-seo-wordpress\/ -->\n<title>Setembro de 2026 - Aglow International<\/title>\n<meta name=\"robots\" content=\"index, follow, max-snippet:-1, max-image-preview:large, max-video-preview:-1\" \/>\n<link rel=\"canonical\" href=\"https:\/\/aglow.org\/pt-pt\/setembro-de-2026\/\" \/>\n<meta property=\"og:locale\" content=\"pt_PT\" \/>\n<meta property=\"og:type\" content=\"article\" \/>\n<meta property=\"og:title\" content=\"Setembro de 2026 - Aglow International\" \/>\n<meta property=\"og:description\" content=\"Voc\u00ea tem alguma Escritura favorita? Tenho muitas, mas uma que me inspira continuamente \u00e9 Ef\u00e9sios 3:20: \u00c0quele que \u00e9 capaz de fazer infinitamente mais do que tudo o que pedimos ou pensamos, segundo o seu poder que atua em n\u00f3s.\" \/>\n<meta property=\"og:url\" content=\"https:\/\/aglow.org\/pt-pt\/setembro-de-2026\/\" \/>\n<meta property=\"og:site_name\" content=\"Aglow International\" \/>\n<meta property=\"article:published_time\" content=\"2026-08-25T16:27:02+00:00\" \/>\n<meta property=\"article:modified_time\" content=\"2026-08-27T15:39:21+00:00\" \/>\n<meta property=\"og:image\" content=\"https:\/\/aglow.org\/wp-content\/uploads\/2026\/08\/power2-PT-1.jpg\" \/>\n\t<meta property=\"og:image:width\" content=\"1200\" \/>\n\t<meta property=\"og:image:height\" content=\"1200\" \/>\n\t<meta property=\"og:image:type\" content=\"image\/jpeg\" \/>\n<meta name=\"author\" content=\"Helen Joy Duperree\" \/>\n<meta name=\"twitter:card\" content=\"summary_large_image\" \/>\n<meta name=\"twitter:label1\" content=\"Escrito por\" \/>\n\t<meta name=\"twitter:data1\" content=\"Helen Joy Duperree\" \/>\n\t<meta name=\"twitter:label2\" content=\"Tempo estimado de leitura\" \/>\n\t<meta name=\"twitter:data2\" content=\"5 minutos\" \/>\n<script type=\"application\/ld+json\" class=\"yoast-schema-graph\">{\"@context\":\"https:\\\/\\\/schema.org\",\"@graph\":[{\"@type\":\"Article\",\"@id\":\"https:\\\/\\\/aglow.org\\\/pt-pt\\\/setembro-de-2026\\\/#article\",\"isPartOf\":{\"@id\":\"https:\\\/\\\/aglow.org\\\/pt-pt\\\/setembro-de-2026\\\/\"},\"author\":{\"name\":\"Helen Joy Duperree\",\"@id\":\"https:\\\/\\\/aglow.org\\\/pt-pt\\\/#\\\/schema\\\/person\\\/8ebf7af2536f3962e77a44c0f5ee15b7\"},\"headline\":\"Setembro de 2026\",\"datePublished\":\"2026-08-25T16:27:02+00:00\",\"dateModified\":\"2026-08-27T15:39:21+00:00\",\"mainEntityOfPage\":{\"@id\":\"https:\\\/\\\/aglow.org\\\/pt-pt\\\/setembro-de-2026\\\/\"},\"wordCount\":1190,\"commentCount\":0,\"publisher\":{\"@id\":\"https:\\\/\\\/aglow.org\\\/pt-pt\\\/#organization\"},\"image\":{\"@id\":\"https:\\\/\\\/aglow.org\\\/pt-pt\\\/setembro-de-2026\\\/#primaryimage\"},\"thumbnailUrl\":\"https:\\\/\\\/aglow.org\\\/wp-content\\\/uploads\\\/2026\\\/08\\\/power2-PT-1.jpg\",\"articleSection\":[\"Alvos da Ora\u00e7\u00e3o Global\"],\"inLanguage\":\"pt-PT\",\"potentialAction\":[{\"@type\":\"CommentAction\",\"name\":\"Comment\",\"target\":[\"https:\\\/\\\/aglow.org\\\/pt-pt\\\/setembro-de-2026\\\/#respond\"]}]},{\"@type\":\"WebPage\",\"@id\":\"https:\\\/\\\/aglow.org\\\/pt-pt\\\/setembro-de-2026\\\/\",\"url\":\"https:\\\/\\\/aglow.org\\\/pt-pt\\\/setembro-de-2026\\\/\",\"name\":\"Setembro de 2026 - Aglow International\",\"isPartOf\":{\"@id\":\"https:\\\/\\\/aglow.org\\\/pt-pt\\\/#website\"},\"primaryImageOfPage\":{\"@id\":\"https:\\\/\\\/aglow.org\\\/pt-pt\\\/setembro-de-2026\\\/#primaryimage\"},\"image\":{\"@id\":\"https:\\\/\\\/aglow.org\\\/pt-pt\\\/setembro-de-2026\\\/#primaryimage\"},\"thumbnailUrl\":\"https:\\\/\\\/aglow.org\\\/wp-content\\\/uploads\\\/2026\\\/08\\\/power2-PT-1.jpg\",\"datePublished\":\"2026-08-25T16:27:02+00:00\",\"dateModified\":\"2026-08-27T15:39:21+00:00\",\"breadcrumb\":{\"@id\":\"https:\\\/\\\/aglow.org\\\/pt-pt\\\/setembro-de-2026\\\/#breadcrumb\"},\"inLanguage\":\"pt-PT\",\"potentialAction\":[{\"@type\":\"ReadAction\",\"target\":[\"https:\\\/\\\/aglow.org\\\/pt-pt\\\/setembro-de-2026\\\/\"]}]},{\"@type\":\"ImageObject\",\"inLanguage\":\"pt-PT\",\"@id\":\"https:\\\/\\\/aglow.org\\\/pt-pt\\\/setembro-de-2026\\\/#primaryimage\",\"url\":\"https:\\\/\\\/aglow.org\\\/wp-content\\\/uploads\\\/2026\\\/08\\\/power2-PT-1.jpg\",\"contentUrl\":\"https:\\\/\\\/aglow.org\\\/wp-content\\\/uploads\\\/2026\\\/08\\\/power2-PT-1.jpg\",\"width\":1200,\"height\":1200,\"caption\":\"poder do Esp\u00edrito Santo\"},{\"@type\":\"BreadcrumbList\",\"@id\":\"https:\\\/\\\/aglow.org\\\/pt-pt\\\/setembro-de-2026\\\/#breadcrumb\",\"itemListElement\":[{\"@type\":\"ListItem\",\"position\":1,\"name\":\"Home\",\"item\":\"https:\\\/\\\/aglow.org\\\/pt-pt\\\/\"},{\"@type\":\"ListItem\",\"position\":2,\"name\":\"Setembro de 2026\"}]},{\"@type\":\"WebSite\",\"@id\":\"https:\\\/\\\/aglow.org\\\/pt-pt\\\/#website\",\"url\":\"https:\\\/\\\/aglow.org\\\/pt-pt\\\/\",\"name\":\"Aglow International\",\"description\":\"\",\"publisher\":{\"@id\":\"https:\\\/\\\/aglow.org\\\/pt-pt\\\/#organization\"},\"potentialAction\":[{\"@type\":\"SearchAction\",\"target\":{\"@type\":\"EntryPoint\",\"urlTemplate\":\"https:\\\/\\\/aglow.org\\\/pt-pt\\\/?s={search_term_string}\"},\"query-input\":{\"@type\":\"PropertyValueSpecification\",\"valueRequired\":true,\"valueName\":\"search_term_string\"}}],\"inLanguage\":\"pt-PT\"},{\"@type\":\"Organization\",\"@id\":\"https:\\\/\\\/aglow.org\\\/pt-pt\\\/#organization\",\"name\":\"Aglow International\",\"url\":\"https:\\\/\\\/aglow.org\\\/pt-pt\\\/\",\"logo\":{\"@type\":\"ImageObject\",\"inLanguage\":\"pt-PT\",\"@id\":\"https:\\\/\\\/aglow.org\\\/pt-pt\\\/#\\\/schema\\\/logo\\\/image\\\/\",\"url\":\"https:\\\/\\\/aglow.org\\\/wp-content\\\/uploads\\\/2025\\\/04\\\/Aglow_logo_orange_800px.png\",\"contentUrl\":\"https:\\\/\\\/aglow.org\\\/wp-content\\\/uploads\\\/2025\\\/04\\\/Aglow_logo_orange_800px.png\",\"width\":800,\"height\":302,\"caption\":\"Aglow International\"},\"image\":{\"@id\":\"https:\\\/\\\/aglow.org\\\/pt-pt\\\/#\\\/schema\\\/logo\\\/image\\\/\"}},{\"@type\":\"Person\",\"@id\":\"https:\\\/\\\/aglow.org\\\/pt-pt\\\/#\\\/schema\\\/person\\\/8ebf7af2536f3962e77a44c0f5ee15b7\",\"name\":\"Helen Joy Duperree\",\"image\":{\"@type\":\"ImageObject\",\"inLanguage\":\"pt-PT\",\"@id\":\"https:\\\/\\\/secure.gravatar.com\\\/avatar\\\/c6a1e5bb3fe698ce99655d10b3bad99fa108d16facf409734772badefb8fdd00?s=96&d=mm&r=g\",\"url\":\"https:\\\/\\\/secure.gravatar.com\\\/avatar\\\/c6a1e5bb3fe698ce99655d10b3bad99fa108d16facf409734772badefb8fdd00?s=96&d=mm&r=g\",\"contentUrl\":\"https:\\\/\\\/secure.gravatar.com\\\/avatar\\\/c6a1e5bb3fe698ce99655d10b3bad99fa108d16facf409734772badefb8fdd00?s=96&d=mm&r=g\",\"caption\":\"Helen Joy Duperree\"},\"url\":\"https:\\\/\\\/aglow.org\\\/pt-pt\\\/author\\\/helen-joy\\\/\"}]}<\/script>\n<!-- \/ Yoast SEO plugin. -->","yoast_head_json":{"title":"Setembro de 2026 - Aglow International","robots":{"index":"index","follow":"follow","max-snippet":"max-snippet:-1","max-image-preview":"max-image-preview:large","max-video-preview":"max-video-preview:-1"},"canonical":"https:\/\/aglow.org\/pt-pt\/setembro-de-2026\/","og_locale":"pt_PT","og_type":"article","og_title":"Setembro de 2026 - Aglow International","og_description":"Voc\u00ea tem alguma Escritura favorita? Tenho muitas, mas uma que me inspira continuamente \u00e9 Ef\u00e9sios 3:20: \u00c0quele que \u00e9 capaz de fazer infinitamente mais do que tudo o que pedimos ou pensamos, segundo o seu poder que atua em n\u00f3s.","og_url":"https:\/\/aglow.org\/pt-pt\/setembro-de-2026\/","og_site_name":"Aglow International","article_published_time":"2026-08-25T16:27:02+00:00","article_modified_time":"2026-08-27T15:39:21+00:00","og_image":[{"width":1200,"height":1200,"url":"https:\/\/aglow.org\/wp-content\/uploads\/2026\/08\/power2-PT-1.jpg","type":"image\/jpeg"}],"author":"Helen Joy Duperree","twitter_card":"summary_large_image","twitter_misc":{"Escrito por":"Helen Joy Duperree","Tempo estimado de leitura":"5 minutos"},"schema":{"@context":"https:\/\/schema.org","@graph":[{"@type":"Article","@id":"https:\/\/aglow.org\/pt-pt\/setembro-de-2026\/#article","isPartOf":{"@id":"https:\/\/aglow.org\/pt-pt\/setembro-de-2026\/"},"author":{"name":"Helen Joy Duperree","@id":"https:\/\/aglow.org\/pt-pt\/#\/schema\/person\/8ebf7af2536f3962e77a44c0f5ee15b7"},"headline":"Setembro de 2026","datePublished":"2026-08-25T16:27:02+00:00","dateModified":"2026-08-27T15:39:21+00:00","mainEntityOfPage":{"@id":"https:\/\/aglow.org\/pt-pt\/setembro-de-2026\/"},"wordCount":1190,"commentCount":0,"publisher":{"@id":"https:\/\/aglow.org\/pt-pt\/#organization"},"image":{"@id":"https:\/\/aglow.org\/pt-pt\/setembro-de-2026\/#primaryimage"},"thumbnailUrl":"https:\/\/aglow.org\/wp-content\/uploads\/2026\/08\/power2-PT-1.jpg","articleSection":["Alvos da Ora\u00e7\u00e3o Global"],"inLanguage":"pt-PT","potentialAction":[{"@type":"CommentAction","name":"Comment","target":["https:\/\/aglow.org\/pt-pt\/setembro-de-2026\/#respond"]}]},{"@type":"WebPage","@id":"https:\/\/aglow.org\/pt-pt\/setembro-de-2026\/","url":"https:\/\/aglow.org\/pt-pt\/setembro-de-2026\/","name":"Setembro de 2026 - Aglow International","isPartOf":{"@id":"https:\/\/aglow.org\/pt-pt\/#website"},"primaryImageOfPage":{"@id":"https:\/\/aglow.org\/pt-pt\/setembro-de-2026\/#primaryimage"},"image":{"@id":"https:\/\/aglow.org\/pt-pt\/setembro-de-2026\/#primaryimage"},"thumbnailUrl":"https:\/\/aglow.org\/wp-content\/uploads\/2026\/08\/power2-PT-1.jpg","datePublished":"2026-08-25T16:27:02+00:00","dateModified":"2026-08-27T15:39:21+00:00","breadcrumb":{"@id":"https:\/\/aglow.org\/pt-pt\/setembro-de-2026\/#breadcrumb"},"inLanguage":"pt-PT","potentialAction":[{"@type":"ReadAction","target":["https:\/\/aglow.org\/pt-pt\/setembro-de-2026\/"]}]},{"@type":"ImageObject","inLanguage":"pt-PT","@id":"https:\/\/aglow.org\/pt-pt\/setembro-de-2026\/#primaryimage","url":"https:\/\/aglow.org\/wp-content\/uploads\/2026\/08\/power2-PT-1.jpg","contentUrl":"https:\/\/aglow.org\/wp-content\/uploads\/2026\/08\/power2-PT-1.jpg","width":1200,"height":1200,"caption":"poder do Esp\u00edrito Santo"},{"@type":"BreadcrumbList","@id":"https:\/\/aglow.org\/pt-pt\/setembro-de-2026\/#breadcrumb","itemListElement":[{"@type":"ListItem","position":1,"name":"Home","item":"https:\/\/aglow.org\/pt-pt\/"},{"@type":"ListItem","position":2,"name":"Setembro de 2026"}]},{"@type":"WebSite","@id":"https:\/\/aglow.org\/pt-pt\/#website","url":"https:\/\/aglow.org\/pt-pt\/","name":"Aglow International","description":"","publisher":{"@id":"https:\/\/aglow.org\/pt-pt\/#organization"},"potentialAction":[{"@type":"SearchAction","target":{"@type":"EntryPoint","urlTemplate":"https:\/\/aglow.org\/pt-pt\/?s={search_term_string}"},"query-input":{"@type":"PropertyValueSpecification","valueRequired":true,"valueName":"search_term_string"}}],"inLanguage":"pt-PT"},{"@type":"Organization","@id":"https:\/\/aglow.org\/pt-pt\/#organization","name":"Aglow International","url":"https:\/\/aglow.org\/pt-pt\/","logo":{"@type":"ImageObject","inLanguage":"pt-PT","@id":"https:\/\/aglow.org\/pt-pt\/#\/schema\/logo\/image\/","url":"https:\/\/aglow.org\/wp-content\/uploads\/2025\/04\/Aglow_logo_orange_800px.png","contentUrl":"https:\/\/aglow.org\/wp-content\/uploads\/2025\/04\/Aglow_logo_orange_800px.png","width":800,"height":302,"caption":"Aglow International"},"image":{"@id":"https:\/\/aglow.org\/pt-pt\/#\/schema\/logo\/image\/"}},{"@type":"Person","@id":"https:\/\/aglow.org\/pt-pt\/#\/schema\/person\/8ebf7af2536f3962e77a44c0f5ee15b7","name":"Helen Joy Duperree","image":{"@type":"ImageObject","inLanguage":"pt-PT","@id":"https:\/\/secure.gravatar.com\/avatar\/c6a1e5bb3fe698ce99655d10b3bad99fa108d16facf409734772badefb8fdd00?s=96&d=mm&r=g","url":"https:\/\/secure.gravatar.com\/avatar\/c6a1e5bb3fe698ce99655d10b3bad99fa108d16facf409734772badefb8fdd00?s=96&d=mm&r=g","contentUrl":"https:\/\/secure.gravatar.com\/avatar\/c6a1e5bb3fe698ce99655d10b3bad99fa108d16facf409734772badefb8fdd00?s=96&d=mm&r=g","caption":"Helen Joy Duperree"},"url":"https:\/\/aglow.org\/pt-pt\/author\/helen-joy\/"}]}},"_links":{"self":[{"href":"https:\/\/aglow.org\/pt-pt\/wp-json\/wp\/v2\/posts\/11815","targetHints":{"allow":["GET"]}}],"collection":[{"href":"https:\/\/aglow.org\/pt-pt\/wp-json\/wp\/v2\/posts"}],"about":[{"href":"https:\/\/aglow.org\/pt-pt\/wp-json\/wp\/v2\/types\/post"}],"author":[{"embeddable":true,"href":"https:\/\/aglow.org\/pt-pt\/wp-json\/wp\/v2\/users\/4"}],"replies":[{"embeddable":true,"href":"https:\/\/aglow.org\/pt-pt\/wp-json\/wp\/v2\/comments?post=11815"}],"version-history":[{"count":2,"href":"https:\/\/aglow.org\/pt-pt\/wp-json\/wp\/v2\/posts\/11815\/revisions"}],"predecessor-version":[{"id":11818,"href":"https:\/\/aglow.org\/pt-pt\/wp-json\/wp\/v2\/posts\/11815\/revisions\/11818"}],"wp:featuredmedia":[{"embeddable":true,"href":"https:\/\/aglow.org\/pt-pt\/wp-json\/wp\/v2\/media\/11820"}],"wp:attachment":[{"href":"https:\/\/aglow.org\/pt-pt\/wp-json\/wp\/v2\/media?parent=11815"}],"wp:term":[{"taxonomy":"category","embeddable":true,"href":"https:\/\/aglow.org\/pt-pt\/wp-json\/wp\/v2\/categories?post=11815"},{"taxonomy":"post_tag","embeddable":true,"href":"https:\/\/aglow.org\/pt-pt\/wp-json\/wp\/v2\/tags?post=11815"}],"curies":[{"name":"wp","href":"https:\/\/api.w.org\/{rel}","templated":true}]}}