{"id":8568,"date":"2026-04-28T15:56:34","date_gmt":"2026-04-28T15:56:34","guid":{"rendered":"https:\/\/aglow.org\/mission-aux-philippines\/"},"modified":"2026-04-28T16:14:01","modified_gmt":"2026-04-28T16:14:01","slug":"mission-aux-philippines","status":"publish","type":"post","link":"https:\/\/aglow.org\/fr\/mission-aux-philippines\/","title":{"rendered":"Mission aux Philippines"},"content":{"rendered":"\n<h3 class=\"wp-block-heading\"><strong>\u00c9quipe d&rsquo;\u00e9vang\u00e9lisation et de transformation Aglow \u2013 Mission aux Philippines<\/strong><\/h3>\n\n<p>Une \u00e9quipe Aglow d&rsquo;\u00e9vang\u00e9lisation et de transformation, compos\u00e9e de dix membres, s&rsquo;est rendue sur les \u00eeles de Negros et de Siquijor, aux Philippines, le 25 f\u00e9vrier, pour deux semaines d&rsquo;aventures glorieuses aux c\u00f4t\u00e9s de notre Seigneur J\u00e9sus et du Saint-Esprit. La pasteure Teresita Feliccio et sa famille \u2014 notre responsable nationale Aglow \u2014 nous ont non seulement accueillis, mais avaient \u00e9galement pr\u00e9par\u00e9 \u00e0 l&rsquo;avance de nombreuses portes ouvertes pour nous permettre de partager l&rsquo;amour de J\u00e9sus.  <\/p>\n\n<p>Notre \u00e9quipe provenait de cinq \u00c9tats diff\u00e9rents et de deux pays, travaillant aux c\u00f4t\u00e9s de croyants philippins tr\u00e8s comp\u00e9tents. Au cours du temps que nous avons pass\u00e9 ensemble, nous avons voyag\u00e9 en voiture, en avion, en bateau et en bus, nous rendant partout o\u00f9 le Seigneur nous ouvrait des portes.  <\/p>\n\n<p>Plus de 2 000 jeunes ont entendu la Bonne Nouvelle de J\u00e9sus dans une universit\u00e9 et plusieurs \u00e9coles. Beaucoup ont prononc\u00e9 une pri\u00e8re de salut et ont re\u00e7u la pri\u00e8re pour la gu\u00e9rison et le r\u00e9confort. \u00c0 la prison locale, 155 d\u00e9tenus ont \u00e9cout\u00e9 nos t\u00e9moignages et ont d\u00e9couvert le c\u0153ur de J\u00e9sus \u00e0 leur \u00e9gard, recevant la pri\u00e8re alors qu&rsquo;ils consacraient leur vie \u00e0 la seigneurie de son amour.   <\/p>\n\n<p>L&rsquo;\u00e9mission de radio a touch\u00e9 les nations du monde entier, et notre minist\u00e8re aupr\u00e8s des employ\u00e9s et des chefs de service de notre compagnie d&rsquo;\u00e9lectricit\u00e9 a produit des r\u00e9sultats extraordinaires.<\/p>\n\n<p>Nos initiatives de sensibilisation comprenaient un bal de la puret\u00e9 pour les jeunes, un \u00ab Projet G\u00e9n\u00e9rations \u00bb accompagn\u00e9 d&rsquo;une pr\u00e9sentation intitul\u00e9e \u00ab Fa\u00e7onn\u00e9 en J\u00e9sus \u00bb, un enseignement sur la mani\u00e8re de vivre en Christ en tant que jeune entrepreneur, ainsi que des messages sur ce que signifie vivre selon l&rsquo;Esprit. <\/p>\n\n<p>Deux grandes actions de sensibilisation communautaire ont \u00e9t\u00e9 organis\u00e9es, m\u00ealant musique, danse et messages, attirant environ 700 \u00e0 800 personnes \u2014 dont beaucoup ont r\u00e9cit\u00e9 la pri\u00e8re du salut. <\/p>\n\n<p>Nous avons \u00e9galement \u00e9t\u00e9 invit\u00e9s \u00e0 prier pour le maire et son \u00e9quipe, ainsi que pour le personnel scolaire ; de plus, chacun d&rsquo;entre nous a pris la parole dans des \u00e9glises le dimanche. Par ailleurs, nous avons eu le privil\u00e8ge d&rsquo;exercer notre minist\u00e8re lors d&rsquo;une conf\u00e9rence Aglow. Partout o\u00f9 nous sommes all\u00e9s, de plus en plus de personnes d\u00e9siraient entendre parler de J\u00e9sus et l&rsquo;accueillir.   <\/p>\n\n<p>Steven Meyers, l&rsquo;un des MOI de l&rsquo;\u00e9quipe, a partag\u00e9 : <\/p>\n\n<blockquote class=\"wp-block-quote is-layout-flow wp-block-quote-is-layout-flow\">\n<p><em>Bien que j&rsquo;aie profond\u00e9ment ch\u00e9ri les occasions qui m&rsquo;ont \u00e9t\u00e9 donn\u00e9es de transmettre l&rsquo;enseignement que le Seigneur m&rsquo;avait confi\u00e9, je crois que le souvenir le plus pr\u00e9cieux que je garderai de ce voyage est celui de la jeunesse aupr\u00e8s de laquelle nous avons exerc\u00e9 notre minist\u00e8re. Qu&rsquo;il s&rsquo;agisse des lyc\u00e9ens ou des \u00e9tudiants, j&rsquo;ai constat\u00e9 une soif incroyable du Seigneur. Je suis convaincu que la prochaine g\u00e9n\u00e9ration jouera un r\u00f4le d\u00e9terminant dans le grand r\u00e9veil \u00e0 venir.  <\/em><\/p>\n<\/blockquote>\n\n<p>Jennifer Kuehn, SPC pour le Michigan, a \u00e9crit : <\/p>\n\n<blockquote class=\"wp-block-quote is-layout-flow wp-block-quote-is-layout-flow\">\n<p><em>La partie des Philippines que j&rsquo;ai visit\u00e9e avec l&rsquo;\u00e9quipe nous a permis de d\u00e9couvrir de nombreuses communaut\u00e9s et des environnements tr\u00e8s vari\u00e9s. Nous avons visit\u00e9 des \u00e9coles, rencontr\u00e9 des repr\u00e9sentants du gouvernement, exerc\u00e9 notre minist\u00e8re dans une prison, men\u00e9 des actions d&rsquo;\u00e9vang\u00e9lisation \u00e0 grande \u00e9chelle en ville, pris la parole dans diverses \u00e9glises et particip\u00e9 \u00e0 une conf\u00e9rence Aglow.  <\/em><\/p>\n\n\n\n<p><em>L&rsquo;un des axes majeurs de notre minist\u00e8re \u00e9tait la jeunesse. Nous avons rencontr\u00e9 des personnes issues de tous horizons, et la soif spirituelle chez les jeunes \u00e9tait tr\u00e8s palpable. Gr\u00e2ce \u00e0 cette ouverture, le Saint-Esprit a agi avec puissance.   <\/em><\/p>\n\n\n\n<p><em>M\u00eame dans les zones administr\u00e9es par les autorit\u00e9s gouvernementales, nous avons \u00e9t\u00e9 accueillis pour apporter la Bonne Nouvelle \u00e0 la population, et les fonctionnaires eux-m\u00eames ont trouv\u00e9 encouragement en recevant la pri\u00e8re. Au sein de la prison, une pr\u00e9sence magnifique et tangible du Saint-Esprit se faisait sentir, accueillie favorablement par tous. Cela t\u00e9moignait du travail de pr\u00e9paration que le pasteur Lem et Tessie avaient accompli en amont. Leurs c\u0153urs humbles et serviteurs inspirent un profond respect, et leur sollicitude rayonne bien au-del\u00e0 du lieu o\u00f9 Dieu les a \u00e9tablis. Quel \u0153uvre extraordinaire et quel exemple de pers\u00e9v\u00e9rance ce couple incarne !     <\/em><\/p>\n\n\n\n<p><em>Personnellement, ce voyage a marqu\u00e9 une nouvelle \u00e9tape dans l&rsquo;exercice de mes dons. J&rsquo;ai pu transmettre Sa pr\u00e9sence dynamique \u00e0 de nombreuses personnes, tant par la pr\u00e9dication que par la pri\u00e8re. Le Saint-Esprit s&rsquo;est manifest\u00e9 avec une profonde conviction et un grand r\u00e9confort partout o\u00f9 nous avons exerc\u00e9 notre minist\u00e8re. Des pasteurs et des membres du personnel scolaire nous ont confi\u00e9 : \u00ab Nous n&rsquo;avons jamais vu de tels pleurs, ni chez les jeunes ni chez les adultes. \u00bb    <\/em><\/p>\n\n\n\n<p><em>Lorsque nous avons pris la parole dans une universit\u00e9 la\u00efque et lanc\u00e9 un appel au salut ainsi qu&rsquo;\u00e0 la pri\u00e8re personnelle, il a sembl\u00e9 que presque tout le monde s&rsquo;avan\u00e7ait. Sandy, membre de notre \u00e9quipe, a confi\u00e9 qu&rsquo;elle sentait que le Consolateur \u00e9tait descendu sur les \u00e9tudiants. Ce fut une manifestation puissante de ses voies glorieuses et empreintes d&rsquo;amour \u2014 et telle fut l&rsquo;atmosph\u00e8re qui r\u00e9gna durant tout notre s\u00e9jour sur place.  <\/em><\/p>\n<\/blockquote>\n\n<p>Un bref r\u00e9sum\u00e9 par Janet Mangum, chef d&rsquo;\u00e9quipe<\/p>\n\n<h3 class=\"wp-block-heading\"><strong>Graines d&rsquo;\u00e9veil<\/strong><\/h3>\n\n<p>Des projets, des surprises et de saintes invitations<br\/>nous ont entra\u00een\u00e9s vers la foi et les \u00e9veil de l\u2019amour.<br\/>Nous avons r\u00e9pondu pr\u00e9sent.<br\/>Nous nous sommes mobilis\u00e9s.<br\/>Et notre Seigneur s\u2019est lev\u00e9 parmi nous \u2014<br\/>tout comme Il l\u2019avait promis : <br\/>\u00ab Je b\u00e2tirai mon \u00c9glise. \u00bb \u2014 Matthieu 16:18 <br\/>\u00ab Ma parole\u2026 accomplira ce qui me pla\u00eet et prosp\u00e9rera l\u00e0 o\u00f9 je l\u2019envoie. \u00bb \u2014 \u00c9sa\u00efe 55:11<br\/>\u00c0 travers \u00eeles et oc\u00e9ans,<br\/>l\u2019amour de J\u00e9sus a voyag\u00e9 \u2014<br\/>en avion, en bateau, en bus, par des c\u0153urs bien dispos\u00e9s. <br\/>Dans les salles de classe, les prisons, les \u00e9glises et les rues de la ville,<br\/>des c\u0153urs affam\u00e9s se pench\u00e8rent en avant,<br\/>et le Ciel r\u00e9pondit. <br\/>Des larmes de gu\u00e9rison coul\u00e8rent, des pri\u00e8res s\u2019\u00e9lev\u00e8rent,<br\/>et l\u2019Esprit Saint se mouva, doucement mais puissamment,<br\/>aussi bien parmi les jeunes que parmi les a\u00een\u00e9s. <br\/>Des graines d&rsquo;espoir ont \u00e9t\u00e9 sem\u00e9es, <br\/>La foi s&rsquo;\u00e9veilla. <br\/>Et la g\u00e9n\u00e9ration suivante leva les yeux vers le Seigneur \u2014 <br\/>Car \u00ab ceux qui s\u00e8ment dans les larmes moissonneront avec des chants de joie. \u00bb \u2014 Psaumes 126:5<br\/>Partout o\u00f9 nous allions,<br\/>des portes s\u2019ouvraient,<br\/>des c\u0153urs r\u00e9pondaient,<br\/>et le nom de J\u00e9sus \u00e9tait accueilli. <br\/>Puissent les graines sem\u00e9es \u00e0 travers Negros et Siquijor <br\/>continuer de cro\u00eetre <br\/>portant ses fruits depuis des g\u00e9n\u00e9rations \u2014 <br\/>\u00ab La terre sera remplie de la connaissance de la gloire du Seigneur. \u00bb \u2014 Habacuc 2:14<br\/>Tout pour la gloire du Christ. <\/p>\n","protected":false},"excerpt":{"rendered":"<p>Une \u00e9quipe d&rsquo;Aglow Transformation Evangelism, compos\u00e9e de dix membres, s&rsquo;est rendue sur les \u00eeles de Negros et de Siquijor, aux Philippines, le 25 f\u00e9vrier, pour deux semaines d&rsquo;aventures glorieuses avec notre Seigneur J\u00e9sus et le Saint-Esprit. <\/p>\n","protected":false},"author":13,"featured_media":8567,"comment_status":"open","ping_status":"open","sticky":false,"template":"","format":"standard","meta":{"footnotes":""},"categories":[83,71],"tags":[],"class_list":["post-8568","post","type-post","status-publish","format-standard","has-post-thumbnail","hentry","category-international-fr","category-news-fr"],"yoast_head":"<!-- This site is optimized with the Yoast SEO plugin v27.5 - https:\/\/yoast.com\/product\/yoast-seo-wordpress\/ -->\n<title>Mission aux Philippines - Aglow International<\/title>\n<meta name=\"robots\" content=\"index, follow, max-snippet:-1, max-image-preview:large, max-video-preview:-1\" \/>\n<link rel=\"canonical\" href=\"https:\/\/aglow.org\/fr\/mission-aux-philippines\/\" \/>\n<meta property=\"og:locale\" content=\"fr_FR\" \/>\n<meta property=\"og:type\" content=\"article\" \/>\n<meta property=\"og:title\" content=\"Mission aux Philippines - Aglow International\" \/>\n<meta property=\"og:description\" content=\"Une \u00e9quipe d&#039;Aglow Transformation Evangelism, compos\u00e9e de dix membres, s&#039;est rendue sur les \u00eeles de Negros et de Siquijor, aux Philippines, le 25 f\u00e9vrier, pour deux semaines d&#039;aventures glorieuses avec notre Seigneur J\u00e9sus et le Saint-Esprit.\" \/>\n<meta property=\"og:url\" content=\"https:\/\/aglow.org\/fr\/mission-aux-philippines\/\" \/>\n<meta property=\"og:site_name\" content=\"Aglow International\" \/>\n<meta property=\"article:published_time\" content=\"2026-04-28T15:56:34+00:00\" \/>\n<meta property=\"article:modified_time\" content=\"2026-04-28T16:14:01+00:00\" \/>\n<meta property=\"og:image\" content=\"https:\/\/aglow.org\/wp-content\/uploads\/2026\/04\/2026-4-28-philippines.jpg\" \/>\n\t<meta property=\"og:image:width\" content=\"807\" \/>\n\t<meta property=\"og:image:height\" content=\"475\" \/>\n\t<meta property=\"og:image:type\" content=\"image\/jpeg\" \/>\n<meta name=\"author\" content=\"Janet Mangum\" \/>\n<meta name=\"twitter:card\" content=\"summary_large_image\" \/>\n<meta name=\"twitter:label1\" content=\"\u00c9crit par\" \/>\n\t<meta name=\"twitter:data1\" content=\"Janet Mangum\" \/>\n\t<meta name=\"twitter:label2\" content=\"Dur\u00e9e de lecture estim\u00e9e\" \/>\n\t<meta name=\"twitter:data2\" content=\"6 minutes\" \/>\n<script type=\"application\/ld+json\" class=\"yoast-schema-graph\">{\"@context\":\"https:\\\/\\\/schema.org\",\"@graph\":[{\"@type\":\"Article\",\"@id\":\"https:\\\/\\\/aglow.org\\\/fr\\\/mission-aux-philippines\\\/#article\",\"isPartOf\":{\"@id\":\"https:\\\/\\\/aglow.org\\\/fr\\\/mission-aux-philippines\\\/\"},\"author\":{\"name\":\"Janet Mangum\",\"@id\":\"https:\\\/\\\/aglow.org\\\/fr\\\/#\\\/schema\\\/person\\\/73ad3ff7a77b5174e21a9dc6c9e49b69\"},\"headline\":\"Mission aux Philippines\",\"datePublished\":\"2026-04-28T15:56:34+00:00\",\"dateModified\":\"2026-04-28T16:14:01+00:00\",\"mainEntityOfPage\":{\"@id\":\"https:\\\/\\\/aglow.org\\\/fr\\\/mission-aux-philippines\\\/\"},\"wordCount\":1199,\"commentCount\":0,\"publisher\":{\"@id\":\"https:\\\/\\\/aglow.org\\\/fr\\\/#organization\"},\"image\":{\"@id\":\"https:\\\/\\\/aglow.org\\\/fr\\\/mission-aux-philippines\\\/#primaryimage\"},\"thumbnailUrl\":\"https:\\\/\\\/aglow.org\\\/wp-content\\\/uploads\\\/2026\\\/04\\\/2026-4-28-philippines.jpg\",\"articleSection\":[\"International\",\"News\"],\"inLanguage\":\"fr-FR\",\"potentialAction\":[{\"@type\":\"CommentAction\",\"name\":\"Comment\",\"target\":[\"https:\\\/\\\/aglow.org\\\/fr\\\/mission-aux-philippines\\\/#respond\"]}]},{\"@type\":\"WebPage\",\"@id\":\"https:\\\/\\\/aglow.org\\\/fr\\\/mission-aux-philippines\\\/\",\"url\":\"https:\\\/\\\/aglow.org\\\/fr\\\/mission-aux-philippines\\\/\",\"name\":\"Mission aux Philippines - Aglow International\",\"isPartOf\":{\"@id\":\"https:\\\/\\\/aglow.org\\\/fr\\\/#website\"},\"primaryImageOfPage\":{\"@id\":\"https:\\\/\\\/aglow.org\\\/fr\\\/mission-aux-philippines\\\/#primaryimage\"},\"image\":{\"@id\":\"https:\\\/\\\/aglow.org\\\/fr\\\/mission-aux-philippines\\\/#primaryimage\"},\"thumbnailUrl\":\"https:\\\/\\\/aglow.org\\\/wp-content\\\/uploads\\\/2026\\\/04\\\/2026-4-28-philippines.jpg\",\"datePublished\":\"2026-04-28T15:56:34+00:00\",\"dateModified\":\"2026-04-28T16:14:01+00:00\",\"breadcrumb\":{\"@id\":\"https:\\\/\\\/aglow.org\\\/fr\\\/mission-aux-philippines\\\/#breadcrumb\"},\"inLanguage\":\"fr-FR\",\"potentialAction\":[{\"@type\":\"ReadAction\",\"target\":[\"https:\\\/\\\/aglow.org\\\/fr\\\/mission-aux-philippines\\\/\"]}]},{\"@type\":\"ImageObject\",\"inLanguage\":\"fr-FR\",\"@id\":\"https:\\\/\\\/aglow.org\\\/fr\\\/mission-aux-philippines\\\/#primaryimage\",\"url\":\"https:\\\/\\\/aglow.org\\\/wp-content\\\/uploads\\\/2026\\\/04\\\/2026-4-28-philippines.jpg\",\"contentUrl\":\"https:\\\/\\\/aglow.org\\\/wp-content\\\/uploads\\\/2026\\\/04\\\/2026-4-28-philippines.jpg\",\"width\":807,\"height\":475,\"caption\":\"Aglow Transformation Evangelism Team \u2013 Philippines Outreach\"},{\"@type\":\"BreadcrumbList\",\"@id\":\"https:\\\/\\\/aglow.org\\\/fr\\\/mission-aux-philippines\\\/#breadcrumb\",\"itemListElement\":[{\"@type\":\"ListItem\",\"position\":1,\"name\":\"Home\",\"item\":\"https:\\\/\\\/aglow.org\\\/fr\\\/\"},{\"@type\":\"ListItem\",\"position\":2,\"name\":\"Mission aux Philippines\"}]},{\"@type\":\"WebSite\",\"@id\":\"https:\\\/\\\/aglow.org\\\/fr\\\/#website\",\"url\":\"https:\\\/\\\/aglow.org\\\/fr\\\/\",\"name\":\"Aglow International\",\"description\":\"\",\"publisher\":{\"@id\":\"https:\\\/\\\/aglow.org\\\/fr\\\/#organization\"},\"potentialAction\":[{\"@type\":\"SearchAction\",\"target\":{\"@type\":\"EntryPoint\",\"urlTemplate\":\"https:\\\/\\\/aglow.org\\\/fr\\\/?s={search_term_string}\"},\"query-input\":{\"@type\":\"PropertyValueSpecification\",\"valueRequired\":true,\"valueName\":\"search_term_string\"}}],\"inLanguage\":\"fr-FR\"},{\"@type\":\"Organization\",\"@id\":\"https:\\\/\\\/aglow.org\\\/fr\\\/#organization\",\"name\":\"Aglow International\",\"url\":\"https:\\\/\\\/aglow.org\\\/fr\\\/\",\"logo\":{\"@type\":\"ImageObject\",\"inLanguage\":\"fr-FR\",\"@id\":\"https:\\\/\\\/aglow.org\\\/fr\\\/#\\\/schema\\\/logo\\\/image\\\/\",\"url\":\"https:\\\/\\\/aglow.org\\\/wp-content\\\/uploads\\\/2025\\\/04\\\/Aglow_logo_orange_800px.png\",\"contentUrl\":\"https:\\\/\\\/aglow.org\\\/wp-content\\\/uploads\\\/2025\\\/04\\\/Aglow_logo_orange_800px.png\",\"width\":800,\"height\":302,\"caption\":\"Aglow International\"},\"image\":{\"@id\":\"https:\\\/\\\/aglow.org\\\/fr\\\/#\\\/schema\\\/logo\\\/image\\\/\"}},{\"@type\":\"Person\",\"@id\":\"https:\\\/\\\/aglow.org\\\/fr\\\/#\\\/schema\\\/person\\\/73ad3ff7a77b5174e21a9dc6c9e49b69\",\"name\":\"Janet Mangum\",\"image\":{\"@type\":\"ImageObject\",\"inLanguage\":\"fr-FR\",\"@id\":\"https:\\\/\\\/secure.gravatar.com\\\/avatar\\\/eb6eee1d75fbc37051c5e38037ccac205237072f303e039d88432a4e8c4d9609?s=96&d=mm&r=g\",\"url\":\"https:\\\/\\\/secure.gravatar.com\\\/avatar\\\/eb6eee1d75fbc37051c5e38037ccac205237072f303e039d88432a4e8c4d9609?s=96&d=mm&r=g\",\"contentUrl\":\"https:\\\/\\\/secure.gravatar.com\\\/avatar\\\/eb6eee1d75fbc37051c5e38037ccac205237072f303e039d88432a4e8c4d9609?s=96&d=mm&r=g\",\"caption\":\"Janet Mangum\"},\"url\":\"https:\\\/\\\/aglow.org\\\/fr\\\/author\\\/janetmangum\\\/\"}]}<\/script>\n<!-- \/ Yoast SEO plugin. -->","yoast_head_json":{"title":"Mission aux Philippines - Aglow International","robots":{"index":"index","follow":"follow","max-snippet":"max-snippet:-1","max-image-preview":"max-image-preview:large","max-video-preview":"max-video-preview:-1"},"canonical":"https:\/\/aglow.org\/fr\/mission-aux-philippines\/","og_locale":"fr_FR","og_type":"article","og_title":"Mission aux Philippines - Aglow International","og_description":"Une \u00e9quipe d'Aglow Transformation Evangelism, compos\u00e9e de dix membres, s'est rendue sur les \u00eeles de Negros et de Siquijor, aux Philippines, le 25 f\u00e9vrier, pour deux semaines d'aventures glorieuses avec notre Seigneur J\u00e9sus et le Saint-Esprit.","og_url":"https:\/\/aglow.org\/fr\/mission-aux-philippines\/","og_site_name":"Aglow International","article_published_time":"2026-04-28T15:56:34+00:00","article_modified_time":"2026-04-28T16:14:01+00:00","og_image":[{"width":807,"height":475,"url":"https:\/\/aglow.org\/wp-content\/uploads\/2026\/04\/2026-4-28-philippines.jpg","type":"image\/jpeg"}],"author":"Janet Mangum","twitter_card":"summary_large_image","twitter_misc":{"\u00c9crit par":"Janet Mangum","Dur\u00e9e de lecture estim\u00e9e":"6 minutes"},"schema":{"@context":"https:\/\/schema.org","@graph":[{"@type":"Article","@id":"https:\/\/aglow.org\/fr\/mission-aux-philippines\/#article","isPartOf":{"@id":"https:\/\/aglow.org\/fr\/mission-aux-philippines\/"},"author":{"name":"Janet Mangum","@id":"https:\/\/aglow.org\/fr\/#\/schema\/person\/73ad3ff7a77b5174e21a9dc6c9e49b69"},"headline":"Mission aux Philippines","datePublished":"2026-04-28T15:56:34+00:00","dateModified":"2026-04-28T16:14:01+00:00","mainEntityOfPage":{"@id":"https:\/\/aglow.org\/fr\/mission-aux-philippines\/"},"wordCount":1199,"commentCount":0,"publisher":{"@id":"https:\/\/aglow.org\/fr\/#organization"},"image":{"@id":"https:\/\/aglow.org\/fr\/mission-aux-philippines\/#primaryimage"},"thumbnailUrl":"https:\/\/aglow.org\/wp-content\/uploads\/2026\/04\/2026-4-28-philippines.jpg","articleSection":["International","News"],"inLanguage":"fr-FR","potentialAction":[{"@type":"CommentAction","name":"Comment","target":["https:\/\/aglow.org\/fr\/mission-aux-philippines\/#respond"]}]},{"@type":"WebPage","@id":"https:\/\/aglow.org\/fr\/mission-aux-philippines\/","url":"https:\/\/aglow.org\/fr\/mission-aux-philippines\/","name":"Mission aux Philippines - Aglow International","isPartOf":{"@id":"https:\/\/aglow.org\/fr\/#website"},"primaryImageOfPage":{"@id":"https:\/\/aglow.org\/fr\/mission-aux-philippines\/#primaryimage"},"image":{"@id":"https:\/\/aglow.org\/fr\/mission-aux-philippines\/#primaryimage"},"thumbnailUrl":"https:\/\/aglow.org\/wp-content\/uploads\/2026\/04\/2026-4-28-philippines.jpg","datePublished":"2026-04-28T15:56:34+00:00","dateModified":"2026-04-28T16:14:01+00:00","breadcrumb":{"@id":"https:\/\/aglow.org\/fr\/mission-aux-philippines\/#breadcrumb"},"inLanguage":"fr-FR","potentialAction":[{"@type":"ReadAction","target":["https:\/\/aglow.org\/fr\/mission-aux-philippines\/"]}]},{"@type":"ImageObject","inLanguage":"fr-FR","@id":"https:\/\/aglow.org\/fr\/mission-aux-philippines\/#primaryimage","url":"https:\/\/aglow.org\/wp-content\/uploads\/2026\/04\/2026-4-28-philippines.jpg","contentUrl":"https:\/\/aglow.org\/wp-content\/uploads\/2026\/04\/2026-4-28-philippines.jpg","width":807,"height":475,"caption":"Aglow Transformation Evangelism Team \u2013 Philippines Outreach"},{"@type":"BreadcrumbList","@id":"https:\/\/aglow.org\/fr\/mission-aux-philippines\/#breadcrumb","itemListElement":[{"@type":"ListItem","position":1,"name":"Home","item":"https:\/\/aglow.org\/fr\/"},{"@type":"ListItem","position":2,"name":"Mission aux Philippines"}]},{"@type":"WebSite","@id":"https:\/\/aglow.org\/fr\/#website","url":"https:\/\/aglow.org\/fr\/","name":"Aglow International","description":"","publisher":{"@id":"https:\/\/aglow.org\/fr\/#organization"},"potentialAction":[{"@type":"SearchAction","target":{"@type":"EntryPoint","urlTemplate":"https:\/\/aglow.org\/fr\/?s={search_term_string}"},"query-input":{"@type":"PropertyValueSpecification","valueRequired":true,"valueName":"search_term_string"}}],"inLanguage":"fr-FR"},{"@type":"Organization","@id":"https:\/\/aglow.org\/fr\/#organization","name":"Aglow International","url":"https:\/\/aglow.org\/fr\/","logo":{"@type":"ImageObject","inLanguage":"fr-FR","@id":"https:\/\/aglow.org\/fr\/#\/schema\/logo\/image\/","url":"https:\/\/aglow.org\/wp-content\/uploads\/2025\/04\/Aglow_logo_orange_800px.png","contentUrl":"https:\/\/aglow.org\/wp-content\/uploads\/2025\/04\/Aglow_logo_orange_800px.png","width":800,"height":302,"caption":"Aglow International"},"image":{"@id":"https:\/\/aglow.org\/fr\/#\/schema\/logo\/image\/"}},{"@type":"Person","@id":"https:\/\/aglow.org\/fr\/#\/schema\/person\/73ad3ff7a77b5174e21a9dc6c9e49b69","name":"Janet Mangum","image":{"@type":"ImageObject","inLanguage":"fr-FR","@id":"https:\/\/secure.gravatar.com\/avatar\/eb6eee1d75fbc37051c5e38037ccac205237072f303e039d88432a4e8c4d9609?s=96&d=mm&r=g","url":"https:\/\/secure.gravatar.com\/avatar\/eb6eee1d75fbc37051c5e38037ccac205237072f303e039d88432a4e8c4d9609?s=96&d=mm&r=g","contentUrl":"https:\/\/secure.gravatar.com\/avatar\/eb6eee1d75fbc37051c5e38037ccac205237072f303e039d88432a4e8c4d9609?s=96&d=mm&r=g","caption":"Janet Mangum"},"url":"https:\/\/aglow.org\/fr\/author\/janetmangum\/"}]}},"_links":{"self":[{"href":"https:\/\/aglow.org\/fr\/wp-json\/wp\/v2\/posts\/8568","targetHints":{"allow":["GET"]}}],"collection":[{"href":"https:\/\/aglow.org\/fr\/wp-json\/wp\/v2\/posts"}],"about":[{"href":"https:\/\/aglow.org\/fr\/wp-json\/wp\/v2\/types\/post"}],"author":[{"embeddable":true,"href":"https:\/\/aglow.org\/fr\/wp-json\/wp\/v2\/users\/13"}],"replies":[{"embeddable":true,"href":"https:\/\/aglow.org\/fr\/wp-json\/wp\/v2\/comments?post=8568"}],"version-history":[{"count":1,"href":"https:\/\/aglow.org\/fr\/wp-json\/wp\/v2\/posts\/8568\/revisions"}],"predecessor-version":[{"id":8569,"href":"https:\/\/aglow.org\/fr\/wp-json\/wp\/v2\/posts\/8568\/revisions\/8569"}],"wp:featuredmedia":[{"embeddable":true,"href":"https:\/\/aglow.org\/fr\/wp-json\/wp\/v2\/media\/8567"}],"wp:attachment":[{"href":"https:\/\/aglow.org\/fr\/wp-json\/wp\/v2\/media?parent=8568"}],"wp:term":[{"taxonomy":"category","embeddable":true,"href":"https:\/\/aglow.org\/fr\/wp-json\/wp\/v2\/categories?post=8568"},{"taxonomy":"post_tag","embeddable":true,"href":"https:\/\/aglow.org\/fr\/wp-json\/wp\/v2\/tags?post=8568"}],"curies":[{"name":"wp","href":"https:\/\/api.w.org\/{rel}","templated":true}]}}