{"id":5979,"date":"2026-01-06T21:10:05","date_gmt":"2026-01-06T21:10:05","guid":{"rendered":"https:\/\/aglow.org\/phare-daurora-colorado\/"},"modified":"2026-01-06T21:14:28","modified_gmt":"2026-01-06T21:14:28","slug":"phare-daurora-colorado","status":"publish","type":"post","link":"https:\/\/aglow.org\/fr\/phare-daurora-colorado\/","title":{"rendered":"Phare d&rsquo;Aurora, Colorado"},"content":{"rendered":"\n<p>L&rsquo;\u00e9glise Lighthouse d&rsquo;Aurora, dans le Colorado, a connu une ann\u00e9e bien remplie, menant des actions de proximit\u00e9 au sein de sa communaut\u00e9 et m\u00eame jusqu&rsquo;\u00e0 Denver !<\/p>\n\n<p>En juin, l&rsquo;\u00e9quipe a organis\u00e9 une collecte de fonds pour financer divers projets pr\u00e9vus pour le reste de l&rsquo;ann\u00e9e. Donna Knight, la pr\u00e9sidente, et son \u00e9quipe ont conclu un accord avec le Dr Randy Gilkay, un chiropraticien de la r\u00e9gion. Ce dernier a accept\u00e9 de prendre en charge les frais de location de la salle et d&rsquo;offrir un repas traiteur en \u00e9change d&rsquo;une pr\u00e9sentation de son cabinet, Innovative Chiropractic. Plus de 50 personnes ont assist\u00e9 \u00e0 l&rsquo;\u00e9v\u00e9nement, au cours duquel une vente aux ench\u00e8res silencieuse a permis de r\u00e9colter des fonds suppl\u00e9mentaires. Les invit\u00e9s ont appr\u00e9ci\u00e9 la musique assur\u00e9e par un DJ, une violoniste et un humoriste chr\u00e9tien. L&rsquo;\u00e9v\u00e9nement a \u00e9t\u00e9 \u00e0 la fois inspirant et divertissant, et tous ont appr\u00e9ci\u00e9 les diff\u00e9rentes pr\u00e9sentations.      <\/p>\n\n<p>Donna a racont\u00e9 que leur prochaine manifestation au parc, intitul\u00e9e \u00ab Aurora Aglow : R\u00e9veil du corps et de l&rsquo;esprit au parc \u00bb, s&rsquo;\u00e9tait d\u00e9roul\u00e9e l&rsquo;un des jours les plus chauds de l&rsquo;ann\u00e9e. Malgr\u00e9 des temp\u00e9ratures d\u00e9passant les 38 degr\u00e9s Celsius, la participation a \u00e9t\u00e9 exceptionnelle. Organis\u00e9 au pavillon du parc Utah, l&rsquo;\u00e9v\u00e9nement proposait un barbecue avec tous les accompagnements. Gr\u00e2ce au travail de porte-\u00e0-porte effectu\u00e9 par l&rsquo;\u00e9quipe dans le quartier avant l&rsquo;\u00e9v\u00e9nement pour pr\u00e9senter Aglow et inviter les personnes qui n&rsquo;auraient pas vu la banni\u00e8re publicitaire, de nombreuses personnes \u00e9taient pr\u00e9sentes. De jeunes artistes locaux ont pr\u00e9sent\u00e9 leurs talents, notamment des danseurs de louange, le groupe Hopes Kidz Youth Army, des chanteurs, des saxophonistes, des po\u00e8tes, un DJ, des vendeurs et un ch\u00e2teau gonflable.    <\/p>\n\n<p>Le pasteur Atorvis, responsable des jeunes, \u00e9tait accompagn\u00e9 des membres de Mean Street Ministries pour s&rsquo;adresser aux jeunes. Donna a d\u00e9clar\u00e9 : \u00ab L&rsquo;objectif \u00e9tait de permettre aux jeunes de la communaut\u00e9 de d\u00e9couvrir Dieu \u00e0 travers les diff\u00e9rents groupes de jeunes qui ont particip\u00e9 \u00e0 l&rsquo;\u00e9v\u00e9nement. Les jeunes ont besoin de voir d&rsquo;autres jeunes qui sont pleinement engag\u00e9s pour Dieu. \u00bb De nombreuses personnes ont \u00e9t\u00e9 touch\u00e9es.  <\/p>\n\n<p>Alors que l&rsquo;automne battait son plein, l&rsquo;\u00e9quipe a organis\u00e9 une distribution sp\u00e9ciale de nourriture avant la nuit. Ayant choisi un endroit pr\u00e9cis comme point de distribution, ils n&rsquo;ont pas \u00e9t\u00e9 surpris de constater que certains s&rsquo;opposaient \u00e0 leur initiative et tentaient de les en dissuader. Mais une fois la mission confi\u00e9e par Dieu, l&rsquo;\u00e9quipe a refus\u00e9 de c\u00e9der, et plus de 250 personnes ont \u00e9t\u00e9 nourries ce jour-l\u00e0. Ils ont distribu\u00e9 des bagels d&rsquo;Einstein, du jambon, des sandwichs au fromage grill\u00e9 et des sandwichs au beurre de cacahu\u00e8te et \u00e0 la confiture. Il y avait aussi des chips, des fruits et de l&rsquo;eau. Des tables \u00e9taient remplies de sacs \u00e0 dos, de manteaux, de couvertures, de chaussettes, de gants et de produits d&rsquo;hygi\u00e8ne. Donna a d\u00e9clar\u00e9 : \u00ab Nous avions m\u00eame des sacs remplis de croquettes pour chiens. Pour ceux qui ne nous ont pas trouv\u00e9s, des \u00e9quipes \u00e0 pied et un chauffeur ont distribu\u00e9 de la nourriture dans les environs. \u00bb      <\/p>\n\n<p>Donna a racont\u00e9 que les membres de l&rsquo;\u00e9quipe transportent des manteaux, des gants, des bonnets et des chaussures dans leurs voitures, et qu&rsquo;ils s&rsquo;arr\u00eatent pour les distribuer aux personnes qui se trouvent au coin des rues, au gr\u00e9 des saisons. Dans Luc 14:23, un homme organisait un banquet, et lorsque les invit\u00e9s trouv\u00e8rent des excuses pour ne pas venir, il envoya ses serviteurs sur les routes et les chemins pour les contraindre \u00e0 entrer. Lorsque les groupes Aglow \u0153uvrent dans leurs communaut\u00e9s, partageant la puissance de l&rsquo;\u00c9vangile et r\u00e9pondant aux besoins concrets, des c\u0153urs sont touch\u00e9s d&rsquo;une mani\u00e8re qui serait impossible autrement. N&rsquo;ayez pas peur d&rsquo;aller l\u00e0 o\u00f9 Dieu vous envoie. Il pourvoira \u00e0 vos besoins et \u00e0 ceux des personnes que vous rencontrez.    <\/p>\n","protected":false},"excerpt":{"rendered":"<p>L&rsquo;\u00e9glise Lighthouse d&rsquo;Aurora, dans le Colorado, a connu une ann\u00e9e bien remplie, menant des actions de proximit\u00e9 au sein de sa communaut\u00e9 et m\u00eame jusqu&rsquo;\u00e0 Denver !<\/p>\n","protected":false},"author":9,"featured_media":5978,"comment_status":"open","ping_status":"open","sticky":false,"template":"","format":"standard","meta":{"footnotes":""},"categories":[61,71],"tags":[],"class_list":["post-5979","post","type-post","status-publish","format-standard","has-post-thumbnail","hentry","category-etats-unis","category-news-fr"],"yoast_head":"<!-- This site is optimized with the Yoast SEO plugin v27.4 - https:\/\/yoast.com\/product\/yoast-seo-wordpress\/ -->\n<title>Phare d&#039;Aurora, Colorado - Aglow International<\/title>\n<meta name=\"robots\" content=\"index, follow, max-snippet:-1, max-image-preview:large, max-video-preview:-1\" \/>\n<link rel=\"canonical\" href=\"https:\/\/aglow.org\/fr\/phare-daurora-colorado\/\" \/>\n<meta property=\"og:locale\" content=\"fr_FR\" \/>\n<meta property=\"og:type\" content=\"article\" \/>\n<meta property=\"og:title\" content=\"Phare d&#039;Aurora, Colorado - Aglow International\" \/>\n<meta property=\"og:description\" content=\"L&#039;\u00e9glise Lighthouse d&#039;Aurora, dans le Colorado, a connu une ann\u00e9e bien remplie, menant des actions de proximit\u00e9 au sein de sa communaut\u00e9 et m\u00eame jusqu&#039;\u00e0 Denver !\" \/>\n<meta property=\"og:url\" content=\"https:\/\/aglow.org\/fr\/phare-daurora-colorado\/\" \/>\n<meta property=\"og:site_name\" content=\"Aglow International\" \/>\n<meta property=\"article:published_time\" content=\"2026-01-06T21:10:05+00:00\" \/>\n<meta property=\"article:modified_time\" content=\"2026-01-06T21:14:28+00:00\" \/>\n<meta property=\"og:image\" content=\"https:\/\/aglow.org\/wp-content\/uploads\/2026\/01\/2026-1-6-CO.jpg\" \/>\n\t<meta property=\"og:image:width\" content=\"1200\" \/>\n\t<meta property=\"og:image:height\" content=\"1200\" \/>\n\t<meta property=\"og:image:type\" content=\"image\/jpeg\" \/>\n<meta name=\"author\" content=\"Kathy Sanders\" \/>\n<meta name=\"twitter:card\" content=\"summary_large_image\" \/>\n<meta name=\"twitter:label1\" content=\"\u00c9crit par\" \/>\n\t<meta name=\"twitter:data1\" content=\"Kathy Sanders\" \/>\n\t<meta name=\"twitter:label2\" content=\"Dur\u00e9e de lecture estim\u00e9e\" \/>\n\t<meta name=\"twitter:data2\" content=\"3 minutes\" \/>\n<script type=\"application\/ld+json\" class=\"yoast-schema-graph\">{\"@context\":\"https:\\\/\\\/schema.org\",\"@graph\":[{\"@type\":\"Article\",\"@id\":\"https:\\\/\\\/aglow.org\\\/fr\\\/phare-daurora-colorado\\\/#article\",\"isPartOf\":{\"@id\":\"https:\\\/\\\/aglow.org\\\/fr\\\/phare-daurora-colorado\\\/\"},\"author\":{\"name\":\"Kathy Sanders\",\"@id\":\"https:\\\/\\\/aglow.org\\\/fr\\\/#\\\/schema\\\/person\\\/ab87b10e1b33a6ac307e9d3e79df1004\"},\"headline\":\"Phare d&rsquo;Aurora, Colorado\",\"datePublished\":\"2026-01-06T21:10:05+00:00\",\"dateModified\":\"2026-01-06T21:14:28+00:00\",\"mainEntityOfPage\":{\"@id\":\"https:\\\/\\\/aglow.org\\\/fr\\\/phare-daurora-colorado\\\/\"},\"wordCount\":704,\"commentCount\":0,\"publisher\":{\"@id\":\"https:\\\/\\\/aglow.org\\\/fr\\\/#organization\"},\"image\":{\"@id\":\"https:\\\/\\\/aglow.org\\\/fr\\\/phare-daurora-colorado\\\/#primaryimage\"},\"thumbnailUrl\":\"https:\\\/\\\/aglow.org\\\/wp-content\\\/uploads\\\/2026\\\/01\\\/2026-1-6-CO.jpg\",\"articleSection\":[\"\u00c9tats-Unis\",\"News\"],\"inLanguage\":\"fr-FR\",\"potentialAction\":[{\"@type\":\"CommentAction\",\"name\":\"Comment\",\"target\":[\"https:\\\/\\\/aglow.org\\\/fr\\\/phare-daurora-colorado\\\/#respond\"]}]},{\"@type\":\"WebPage\",\"@id\":\"https:\\\/\\\/aglow.org\\\/fr\\\/phare-daurora-colorado\\\/\",\"url\":\"https:\\\/\\\/aglow.org\\\/fr\\\/phare-daurora-colorado\\\/\",\"name\":\"Phare d'Aurora, Colorado - Aglow International\",\"isPartOf\":{\"@id\":\"https:\\\/\\\/aglow.org\\\/fr\\\/#website\"},\"primaryImageOfPage\":{\"@id\":\"https:\\\/\\\/aglow.org\\\/fr\\\/phare-daurora-colorado\\\/#primaryimage\"},\"image\":{\"@id\":\"https:\\\/\\\/aglow.org\\\/fr\\\/phare-daurora-colorado\\\/#primaryimage\"},\"thumbnailUrl\":\"https:\\\/\\\/aglow.org\\\/wp-content\\\/uploads\\\/2026\\\/01\\\/2026-1-6-CO.jpg\",\"datePublished\":\"2026-01-06T21:10:05+00:00\",\"dateModified\":\"2026-01-06T21:14:28+00:00\",\"breadcrumb\":{\"@id\":\"https:\\\/\\\/aglow.org\\\/fr\\\/phare-daurora-colorado\\\/#breadcrumb\"},\"inLanguage\":\"fr-FR\",\"potentialAction\":[{\"@type\":\"ReadAction\",\"target\":[\"https:\\\/\\\/aglow.org\\\/fr\\\/phare-daurora-colorado\\\/\"]}]},{\"@type\":\"ImageObject\",\"inLanguage\":\"fr-FR\",\"@id\":\"https:\\\/\\\/aglow.org\\\/fr\\\/phare-daurora-colorado\\\/#primaryimage\",\"url\":\"https:\\\/\\\/aglow.org\\\/wp-content\\\/uploads\\\/2026\\\/01\\\/2026-1-6-CO.jpg\",\"contentUrl\":\"https:\\\/\\\/aglow.org\\\/wp-content\\\/uploads\\\/2026\\\/01\\\/2026-1-6-CO.jpg\",\"width\":1200,\"height\":1200,\"caption\":\"Phare d'Aurora, Colorado\"},{\"@type\":\"BreadcrumbList\",\"@id\":\"https:\\\/\\\/aglow.org\\\/fr\\\/phare-daurora-colorado\\\/#breadcrumb\",\"itemListElement\":[{\"@type\":\"ListItem\",\"position\":1,\"name\":\"Home\",\"item\":\"https:\\\/\\\/aglow.org\\\/fr\\\/\"},{\"@type\":\"ListItem\",\"position\":2,\"name\":\"Phare d&#8217;Aurora, Colorado\"}]},{\"@type\":\"WebSite\",\"@id\":\"https:\\\/\\\/aglow.org\\\/fr\\\/#website\",\"url\":\"https:\\\/\\\/aglow.org\\\/fr\\\/\",\"name\":\"Aglow International\",\"description\":\"\",\"publisher\":{\"@id\":\"https:\\\/\\\/aglow.org\\\/fr\\\/#organization\"},\"potentialAction\":[{\"@type\":\"SearchAction\",\"target\":{\"@type\":\"EntryPoint\",\"urlTemplate\":\"https:\\\/\\\/aglow.org\\\/fr\\\/?s={search_term_string}\"},\"query-input\":{\"@type\":\"PropertyValueSpecification\",\"valueRequired\":true,\"valueName\":\"search_term_string\"}}],\"inLanguage\":\"fr-FR\"},{\"@type\":\"Organization\",\"@id\":\"https:\\\/\\\/aglow.org\\\/fr\\\/#organization\",\"name\":\"Aglow International\",\"url\":\"https:\\\/\\\/aglow.org\\\/fr\\\/\",\"logo\":{\"@type\":\"ImageObject\",\"inLanguage\":\"fr-FR\",\"@id\":\"https:\\\/\\\/aglow.org\\\/fr\\\/#\\\/schema\\\/logo\\\/image\\\/\",\"url\":\"https:\\\/\\\/aglow.org\\\/wp-content\\\/uploads\\\/2025\\\/04\\\/Aglow_logo_orange_800px.png\",\"contentUrl\":\"https:\\\/\\\/aglow.org\\\/wp-content\\\/uploads\\\/2025\\\/04\\\/Aglow_logo_orange_800px.png\",\"width\":800,\"height\":302,\"caption\":\"Aglow International\"},\"image\":{\"@id\":\"https:\\\/\\\/aglow.org\\\/fr\\\/#\\\/schema\\\/logo\\\/image\\\/\"}},{\"@type\":\"Person\",\"@id\":\"https:\\\/\\\/aglow.org\\\/fr\\\/#\\\/schema\\\/person\\\/ab87b10e1b33a6ac307e9d3e79df1004\",\"name\":\"Kathy Sanders\",\"image\":{\"@type\":\"ImageObject\",\"inLanguage\":\"fr-FR\",\"@id\":\"https:\\\/\\\/secure.gravatar.com\\\/avatar\\\/b3b279541b9e0d2829dc85ead19fcb579baadc768e4f3452dd3ddbb48d4b067e?s=96&d=mm&r=g\",\"url\":\"https:\\\/\\\/secure.gravatar.com\\\/avatar\\\/b3b279541b9e0d2829dc85ead19fcb579baadc768e4f3452dd3ddbb48d4b067e?s=96&d=mm&r=g\",\"contentUrl\":\"https:\\\/\\\/secure.gravatar.com\\\/avatar\\\/b3b279541b9e0d2829dc85ead19fcb579baadc768e4f3452dd3ddbb48d4b067e?s=96&d=mm&r=g\",\"caption\":\"Kathy Sanders\"},\"url\":\"https:\\\/\\\/aglow.org\\\/fr\\\/author\\\/kathy-s\\\/\"}]}<\/script>\n<!-- \/ Yoast SEO plugin. -->","yoast_head_json":{"title":"Phare d'Aurora, Colorado - Aglow International","robots":{"index":"index","follow":"follow","max-snippet":"max-snippet:-1","max-image-preview":"max-image-preview:large","max-video-preview":"max-video-preview:-1"},"canonical":"https:\/\/aglow.org\/fr\/phare-daurora-colorado\/","og_locale":"fr_FR","og_type":"article","og_title":"Phare d'Aurora, Colorado - Aglow International","og_description":"L'\u00e9glise Lighthouse d'Aurora, dans le Colorado, a connu une ann\u00e9e bien remplie, menant des actions de proximit\u00e9 au sein de sa communaut\u00e9 et m\u00eame jusqu'\u00e0 Denver !","og_url":"https:\/\/aglow.org\/fr\/phare-daurora-colorado\/","og_site_name":"Aglow International","article_published_time":"2026-01-06T21:10:05+00:00","article_modified_time":"2026-01-06T21:14:28+00:00","og_image":[{"width":1200,"height":1200,"url":"https:\/\/aglow.org\/wp-content\/uploads\/2026\/01\/2026-1-6-CO.jpg","type":"image\/jpeg"}],"author":"Kathy Sanders","twitter_card":"summary_large_image","twitter_misc":{"\u00c9crit par":"Kathy Sanders","Dur\u00e9e de lecture estim\u00e9e":"3 minutes"},"schema":{"@context":"https:\/\/schema.org","@graph":[{"@type":"Article","@id":"https:\/\/aglow.org\/fr\/phare-daurora-colorado\/#article","isPartOf":{"@id":"https:\/\/aglow.org\/fr\/phare-daurora-colorado\/"},"author":{"name":"Kathy Sanders","@id":"https:\/\/aglow.org\/fr\/#\/schema\/person\/ab87b10e1b33a6ac307e9d3e79df1004"},"headline":"Phare d&rsquo;Aurora, Colorado","datePublished":"2026-01-06T21:10:05+00:00","dateModified":"2026-01-06T21:14:28+00:00","mainEntityOfPage":{"@id":"https:\/\/aglow.org\/fr\/phare-daurora-colorado\/"},"wordCount":704,"commentCount":0,"publisher":{"@id":"https:\/\/aglow.org\/fr\/#organization"},"image":{"@id":"https:\/\/aglow.org\/fr\/phare-daurora-colorado\/#primaryimage"},"thumbnailUrl":"https:\/\/aglow.org\/wp-content\/uploads\/2026\/01\/2026-1-6-CO.jpg","articleSection":["\u00c9tats-Unis","News"],"inLanguage":"fr-FR","potentialAction":[{"@type":"CommentAction","name":"Comment","target":["https:\/\/aglow.org\/fr\/phare-daurora-colorado\/#respond"]}]},{"@type":"WebPage","@id":"https:\/\/aglow.org\/fr\/phare-daurora-colorado\/","url":"https:\/\/aglow.org\/fr\/phare-daurora-colorado\/","name":"Phare d'Aurora, Colorado - Aglow International","isPartOf":{"@id":"https:\/\/aglow.org\/fr\/#website"},"primaryImageOfPage":{"@id":"https:\/\/aglow.org\/fr\/phare-daurora-colorado\/#primaryimage"},"image":{"@id":"https:\/\/aglow.org\/fr\/phare-daurora-colorado\/#primaryimage"},"thumbnailUrl":"https:\/\/aglow.org\/wp-content\/uploads\/2026\/01\/2026-1-6-CO.jpg","datePublished":"2026-01-06T21:10:05+00:00","dateModified":"2026-01-06T21:14:28+00:00","breadcrumb":{"@id":"https:\/\/aglow.org\/fr\/phare-daurora-colorado\/#breadcrumb"},"inLanguage":"fr-FR","potentialAction":[{"@type":"ReadAction","target":["https:\/\/aglow.org\/fr\/phare-daurora-colorado\/"]}]},{"@type":"ImageObject","inLanguage":"fr-FR","@id":"https:\/\/aglow.org\/fr\/phare-daurora-colorado\/#primaryimage","url":"https:\/\/aglow.org\/wp-content\/uploads\/2026\/01\/2026-1-6-CO.jpg","contentUrl":"https:\/\/aglow.org\/wp-content\/uploads\/2026\/01\/2026-1-6-CO.jpg","width":1200,"height":1200,"caption":"Phare d'Aurora, Colorado"},{"@type":"BreadcrumbList","@id":"https:\/\/aglow.org\/fr\/phare-daurora-colorado\/#breadcrumb","itemListElement":[{"@type":"ListItem","position":1,"name":"Home","item":"https:\/\/aglow.org\/fr\/"},{"@type":"ListItem","position":2,"name":"Phare d&#8217;Aurora, Colorado"}]},{"@type":"WebSite","@id":"https:\/\/aglow.org\/fr\/#website","url":"https:\/\/aglow.org\/fr\/","name":"Aglow International","description":"","publisher":{"@id":"https:\/\/aglow.org\/fr\/#organization"},"potentialAction":[{"@type":"SearchAction","target":{"@type":"EntryPoint","urlTemplate":"https:\/\/aglow.org\/fr\/?s={search_term_string}"},"query-input":{"@type":"PropertyValueSpecification","valueRequired":true,"valueName":"search_term_string"}}],"inLanguage":"fr-FR"},{"@type":"Organization","@id":"https:\/\/aglow.org\/fr\/#organization","name":"Aglow International","url":"https:\/\/aglow.org\/fr\/","logo":{"@type":"ImageObject","inLanguage":"fr-FR","@id":"https:\/\/aglow.org\/fr\/#\/schema\/logo\/image\/","url":"https:\/\/aglow.org\/wp-content\/uploads\/2025\/04\/Aglow_logo_orange_800px.png","contentUrl":"https:\/\/aglow.org\/wp-content\/uploads\/2025\/04\/Aglow_logo_orange_800px.png","width":800,"height":302,"caption":"Aglow International"},"image":{"@id":"https:\/\/aglow.org\/fr\/#\/schema\/logo\/image\/"}},{"@type":"Person","@id":"https:\/\/aglow.org\/fr\/#\/schema\/person\/ab87b10e1b33a6ac307e9d3e79df1004","name":"Kathy Sanders","image":{"@type":"ImageObject","inLanguage":"fr-FR","@id":"https:\/\/secure.gravatar.com\/avatar\/b3b279541b9e0d2829dc85ead19fcb579baadc768e4f3452dd3ddbb48d4b067e?s=96&d=mm&r=g","url":"https:\/\/secure.gravatar.com\/avatar\/b3b279541b9e0d2829dc85ead19fcb579baadc768e4f3452dd3ddbb48d4b067e?s=96&d=mm&r=g","contentUrl":"https:\/\/secure.gravatar.com\/avatar\/b3b279541b9e0d2829dc85ead19fcb579baadc768e4f3452dd3ddbb48d4b067e?s=96&d=mm&r=g","caption":"Kathy Sanders"},"url":"https:\/\/aglow.org\/fr\/author\/kathy-s\/"}]}},"_links":{"self":[{"href":"https:\/\/aglow.org\/fr\/wp-json\/wp\/v2\/posts\/5979","targetHints":{"allow":["GET"]}}],"collection":[{"href":"https:\/\/aglow.org\/fr\/wp-json\/wp\/v2\/posts"}],"about":[{"href":"https:\/\/aglow.org\/fr\/wp-json\/wp\/v2\/types\/post"}],"author":[{"embeddable":true,"href":"https:\/\/aglow.org\/fr\/wp-json\/wp\/v2\/users\/9"}],"replies":[{"embeddable":true,"href":"https:\/\/aglow.org\/fr\/wp-json\/wp\/v2\/comments?post=5979"}],"version-history":[{"count":1,"href":"https:\/\/aglow.org\/fr\/wp-json\/wp\/v2\/posts\/5979\/revisions"}],"predecessor-version":[{"id":5980,"href":"https:\/\/aglow.org\/fr\/wp-json\/wp\/v2\/posts\/5979\/revisions\/5980"}],"wp:featuredmedia":[{"embeddable":true,"href":"https:\/\/aglow.org\/fr\/wp-json\/wp\/v2\/media\/5978"}],"wp:attachment":[{"href":"https:\/\/aglow.org\/fr\/wp-json\/wp\/v2\/media?parent=5979"}],"wp:term":[{"taxonomy":"category","embeddable":true,"href":"https:\/\/aglow.org\/fr\/wp-json\/wp\/v2\/categories?post=5979"},{"taxonomy":"post_tag","embeddable":true,"href":"https:\/\/aglow.org\/fr\/wp-json\/wp\/v2\/tags?post=5979"}],"curies":[{"name":"wp","href":"https:\/\/api.w.org\/{rel}","templated":true}]}}