{"id":11842,"date":"2026-09-01T16:54:54","date_gmt":"2026-09-01T16:54:54","guid":{"rendered":"https:\/\/aglow.org\/grace-incroyable\/"},"modified":"2026-09-01T17:16:24","modified_gmt":"2026-09-01T17:16:24","slug":"grace-incroyable","status":"publish","type":"post","link":"https:\/\/aglow.org\/fr\/grace-incroyable\/","title":{"rendered":"Gr\u00e2ce incroyable"},"content":{"rendered":"\n<p class=\"wp-block-paragraph\">Cette ann\u00e9e, Jill Meskimen a \u00e9t\u00e9 mise \u00e0 l&rsquo;honneur lors de la retraite du minist\u00e8re carc\u00e9ral \u00ab Aglow \u00bb en Californie pour ses 30 ann\u00e9es de service \u2013 un accomplissement in\u00e9dit en 43 ans d&rsquo;existence de ce minist\u00e8re au sein d&rsquo;Aglow. Cette 33e \u00e9dition annuelle a rassembl\u00e9 un grand nombre de femmes transform\u00e9es par la puissance de l&rsquo;amour de Dieu.  <\/p>\n\n<p class=\"wp-block-paragraph\">La soir\u00e9e de vendredi a d\u00e9but\u00e9 par un d\u00eener, suivi d&rsquo;un temps fort de louange et de pri\u00e8re dans la chapelle, apr\u00e8s lequel Karen Quadara a d\u00e9livr\u00e9 un message. <\/p>\n\n<p class=\"wp-block-paragraph\">La journ\u00e9e de samedi a commenc\u00e9 par un petit-d\u00e9jeuner complet ; ensuite, Lucinda Barrios a d\u00e9livr\u00e9 un message. L&rsquo;\u00e9quipe espagnole a \u00e9galement pr\u00e9sent\u00e9 une danse de louange sp\u00e9ciale. <\/p>\n\n<p class=\"wp-block-paragraph\">L&rsquo;apr\u00e8s-midi de samedi a \u00e9t\u00e9 anim\u00e9 par Suzy Mellon et Viola Anderson, qui ont recueilli les t\u00e9moignages des personnes pr\u00e9sentes. De nombreux r\u00e9cits ont \u00e9t\u00e9 partag\u00e9s au sujet de l&rsquo;amour r\u00e9dempteur de Dieu.  <\/p>\n\n<p class=\"wp-block-paragraph\">Samedi soir, Julia Pearson a interpr\u00e9t\u00e9 divers chants de louange pour montrer que nous pouvons louer Dieu m\u00eame lorsque la vie est douloureuse. Debra Mumma a pris la parole. Chacune a eu l&rsquo;occasion de faire des achats \u00e0 la boutique, dont les b\u00e9n\u00e9fices contribuent \u00e0 financer des bourses pour les participantes \u00e0 ce week-end sp\u00e9cial. Apr\u00e8s le culte, les femmes se sont r\u00e9unies autour d&rsquo;un feu de camp pour un temps de louange suppl\u00e9mentaire et pour d\u00e9guster des \u00ab s&rsquo;mores \u00bb ! Ce fut une soir\u00e9e parfaite pour toutes les personnes pr\u00e9sentes.    <\/p>\n\n<p class=\"wp-block-paragraph\">Les dimanches matin sont toujours doux-amers, car c&rsquo;est le moment de partir. Jenny Travis a pris la parole et le groupe a partag\u00e9 la communion avant les derni\u00e8res \u00e9treintes et les adieux.  <\/p>\n\n<p class=\"wp-block-paragraph\">Depuis la premi\u00e8re retraite d&rsquo;Aglow dans les prisons de Californie, des femmes sont arriv\u00e9es dans un certain \u00e9tat et sont reparties transform\u00e9es par la bont\u00e9 de Dieu. En Sa pr\u00e9sence, il y a v\u00e9ritablement une pl\u00e9nitude de joie. Les c\u0153urs bris\u00e9s sont gu\u00e9ris. Les c\u0153urs endurcis sont adoucis. Le d\u00e9sespoir fait place \u00e0 l&rsquo;esp\u00e9rance alors que la V\u00e9rit\u00e9 lib\u00e8re celles qui \u00e9taient autrefois captives. Rendons gr\u00e2ce \u00e0 Dieu pour la fid\u00e9lit\u00e9 des femmes d&rsquo;Aglow, qui portent le message de l&rsquo;\u00c9vangile au-del\u00e0 des portes verrouill\u00e9es.     <\/p>\n","protected":false},"excerpt":{"rendered":"<p>Cette ann\u00e9e, Jill Meskimen a \u00e9t\u00e9 mise \u00e0 l&rsquo;honneur lors de la retraite du minist\u00e8re carc\u00e9ral Aglow en Californie pour ses 30 ann\u00e9es de service \u2013 un exploit in\u00e9gal\u00e9 au cours des 43 ann\u00e9es d&rsquo;existence de ce minist\u00e8re au sein d&rsquo;Aglow. <\/p>\n","protected":false},"author":9,"featured_media":11841,"comment_status":"open","ping_status":"open","sticky":false,"template":"","format":"standard","meta":{"footnotes":""},"categories":[71],"tags":[],"class_list":["post-11842","post","type-post","status-publish","format-standard","has-post-thumbnail","hentry","category-news-fr"],"yoast_head":"<!-- This site is optimized with the Yoast SEO plugin v28.3 - https:\/\/yoast.com\/product\/yoast-seo-wordpress\/ -->\n<title>Gr\u00e2ce incroyable - Aglow International<\/title>\n<meta name=\"robots\" content=\"index, follow, max-snippet:-1, max-image-preview:large, max-video-preview:-1\" \/>\n<link rel=\"canonical\" href=\"https:\/\/aglow.org\/fr\/grace-incroyable\/\" \/>\n<meta property=\"og:locale\" content=\"fr_FR\" \/>\n<meta property=\"og:type\" content=\"article\" \/>\n<meta property=\"og:title\" content=\"Gr\u00e2ce incroyable - Aglow International\" \/>\n<meta property=\"og:description\" content=\"Cette ann\u00e9e, Jill Meskimen a \u00e9t\u00e9 mise \u00e0 l&#039;honneur lors de la retraite du minist\u00e8re carc\u00e9ral Aglow en Californie pour ses 30 ann\u00e9es de service \u2013 un exploit in\u00e9gal\u00e9 au cours des 43 ann\u00e9es d&#039;existence de ce minist\u00e8re au sein d&#039;Aglow.\" \/>\n<meta property=\"og:url\" content=\"https:\/\/aglow.org\/fr\/grace-incroyable\/\" \/>\n<meta property=\"og:site_name\" content=\"Aglow International\" \/>\n<meta property=\"article:published_time\" content=\"2026-09-01T16:54:54+00:00\" \/>\n<meta property=\"article:modified_time\" content=\"2026-09-01T17:16:24+00:00\" \/>\n<meta property=\"og:image\" content=\"https:\/\/aglow.org\/wp-content\/uploads\/2026\/09\/2026-9-1-CA-Prison.jpg\" \/>\n\t<meta property=\"og:image:width\" content=\"807\" \/>\n\t<meta property=\"og:image:height\" content=\"475\" \/>\n\t<meta property=\"og:image:type\" content=\"image\/jpeg\" \/>\n<meta name=\"author\" content=\"Kathy Sanders\" \/>\n<meta name=\"twitter:card\" content=\"summary_large_image\" \/>\n<meta name=\"twitter:label1\" content=\"\u00c9crit par\" \/>\n\t<meta name=\"twitter:data1\" content=\"Kathy Sanders\" \/>\n\t<meta name=\"twitter:label2\" content=\"Dur\u00e9e de lecture estim\u00e9e\" \/>\n\t<meta name=\"twitter:data2\" content=\"2 minutes\" \/>\n<script type=\"application\/ld+json\" class=\"yoast-schema-graph\">{\"@context\":\"https:\\\/\\\/schema.org\",\"@graph\":[{\"@type\":\"Article\",\"@id\":\"https:\\\/\\\/aglow.org\\\/fr\\\/grace-incroyable\\\/#article\",\"isPartOf\":{\"@id\":\"https:\\\/\\\/aglow.org\\\/fr\\\/grace-incroyable\\\/\"},\"author\":{\"name\":\"Kathy Sanders\",\"@id\":\"https:\\\/\\\/aglow.org\\\/fr\\\/#\\\/schema\\\/person\\\/ab87b10e1b33a6ac307e9d3e79df1004\"},\"headline\":\"Gr\u00e2ce incroyable\",\"datePublished\":\"2026-09-01T16:54:54+00:00\",\"dateModified\":\"2026-09-01T17:16:24+00:00\",\"mainEntityOfPage\":{\"@id\":\"https:\\\/\\\/aglow.org\\\/fr\\\/grace-incroyable\\\/\"},\"wordCount\":415,\"commentCount\":0,\"publisher\":{\"@id\":\"https:\\\/\\\/aglow.org\\\/fr\\\/#organization\"},\"image\":{\"@id\":\"https:\\\/\\\/aglow.org\\\/fr\\\/grace-incroyable\\\/#primaryimage\"},\"thumbnailUrl\":\"https:\\\/\\\/aglow.org\\\/wp-content\\\/uploads\\\/2026\\\/09\\\/2026-9-1-CA-Prison.jpg\",\"articleSection\":[\"News\"],\"inLanguage\":\"fr-FR\",\"potentialAction\":[{\"@type\":\"CommentAction\",\"name\":\"Comment\",\"target\":[\"https:\\\/\\\/aglow.org\\\/fr\\\/grace-incroyable\\\/#respond\"]}]},{\"@type\":\"WebPage\",\"@id\":\"https:\\\/\\\/aglow.org\\\/fr\\\/grace-incroyable\\\/\",\"url\":\"https:\\\/\\\/aglow.org\\\/fr\\\/grace-incroyable\\\/\",\"name\":\"Gr\u00e2ce incroyable - Aglow International\",\"isPartOf\":{\"@id\":\"https:\\\/\\\/aglow.org\\\/fr\\\/#website\"},\"primaryImageOfPage\":{\"@id\":\"https:\\\/\\\/aglow.org\\\/fr\\\/grace-incroyable\\\/#primaryimage\"},\"image\":{\"@id\":\"https:\\\/\\\/aglow.org\\\/fr\\\/grace-incroyable\\\/#primaryimage\"},\"thumbnailUrl\":\"https:\\\/\\\/aglow.org\\\/wp-content\\\/uploads\\\/2026\\\/09\\\/2026-9-1-CA-Prison.jpg\",\"datePublished\":\"2026-09-01T16:54:54+00:00\",\"dateModified\":\"2026-09-01T17:16:24+00:00\",\"breadcrumb\":{\"@id\":\"https:\\\/\\\/aglow.org\\\/fr\\\/grace-incroyable\\\/#breadcrumb\"},\"inLanguage\":\"fr-FR\",\"potentialAction\":[{\"@type\":\"ReadAction\",\"target\":[\"https:\\\/\\\/aglow.org\\\/fr\\\/grace-incroyable\\\/\"]}]},{\"@type\":\"ImageObject\",\"inLanguage\":\"fr-FR\",\"@id\":\"https:\\\/\\\/aglow.org\\\/fr\\\/grace-incroyable\\\/#primaryimage\",\"url\":\"https:\\\/\\\/aglow.org\\\/wp-content\\\/uploads\\\/2026\\\/09\\\/2026-9-1-CA-Prison.jpg\",\"contentUrl\":\"https:\\\/\\\/aglow.org\\\/wp-content\\\/uploads\\\/2026\\\/09\\\/2026-9-1-CA-Prison.jpg\",\"width\":807,\"height\":475,\"caption\":\"Retraite du minist\u00e8re carc\u00e9ral Aglow de Californie\"},{\"@type\":\"BreadcrumbList\",\"@id\":\"https:\\\/\\\/aglow.org\\\/fr\\\/grace-incroyable\\\/#breadcrumb\",\"itemListElement\":[{\"@type\":\"ListItem\",\"position\":1,\"name\":\"Home\",\"item\":\"https:\\\/\\\/aglow.org\\\/fr\\\/\"},{\"@type\":\"ListItem\",\"position\":2,\"name\":\"Gr\u00e2ce incroyable\"}]},{\"@type\":\"WebSite\",\"@id\":\"https:\\\/\\\/aglow.org\\\/fr\\\/#website\",\"url\":\"https:\\\/\\\/aglow.org\\\/fr\\\/\",\"name\":\"Aglow International\",\"description\":\"\",\"publisher\":{\"@id\":\"https:\\\/\\\/aglow.org\\\/fr\\\/#organization\"},\"potentialAction\":[{\"@type\":\"SearchAction\",\"target\":{\"@type\":\"EntryPoint\",\"urlTemplate\":\"https:\\\/\\\/aglow.org\\\/fr\\\/?s={search_term_string}\"},\"query-input\":{\"@type\":\"PropertyValueSpecification\",\"valueRequired\":true,\"valueName\":\"search_term_string\"}}],\"inLanguage\":\"fr-FR\"},{\"@type\":\"Organization\",\"@id\":\"https:\\\/\\\/aglow.org\\\/fr\\\/#organization\",\"name\":\"Aglow International\",\"url\":\"https:\\\/\\\/aglow.org\\\/fr\\\/\",\"logo\":{\"@type\":\"ImageObject\",\"inLanguage\":\"fr-FR\",\"@id\":\"https:\\\/\\\/aglow.org\\\/fr\\\/#\\\/schema\\\/logo\\\/image\\\/\",\"url\":\"https:\\\/\\\/aglow.org\\\/wp-content\\\/uploads\\\/2025\\\/04\\\/Aglow_logo_orange_800px.png\",\"contentUrl\":\"https:\\\/\\\/aglow.org\\\/wp-content\\\/uploads\\\/2025\\\/04\\\/Aglow_logo_orange_800px.png\",\"width\":800,\"height\":302,\"caption\":\"Aglow International\"},\"image\":{\"@id\":\"https:\\\/\\\/aglow.org\\\/fr\\\/#\\\/schema\\\/logo\\\/image\\\/\"}},{\"@type\":\"Person\",\"@id\":\"https:\\\/\\\/aglow.org\\\/fr\\\/#\\\/schema\\\/person\\\/ab87b10e1b33a6ac307e9d3e79df1004\",\"name\":\"Kathy Sanders\",\"image\":{\"@type\":\"ImageObject\",\"inLanguage\":\"fr-FR\",\"@id\":\"https:\\\/\\\/secure.gravatar.com\\\/avatar\\\/b3b279541b9e0d2829dc85ead19fcb579baadc768e4f3452dd3ddbb48d4b067e?s=96&d=mm&r=g\",\"url\":\"https:\\\/\\\/secure.gravatar.com\\\/avatar\\\/b3b279541b9e0d2829dc85ead19fcb579baadc768e4f3452dd3ddbb48d4b067e?s=96&d=mm&r=g\",\"contentUrl\":\"https:\\\/\\\/secure.gravatar.com\\\/avatar\\\/b3b279541b9e0d2829dc85ead19fcb579baadc768e4f3452dd3ddbb48d4b067e?s=96&d=mm&r=g\",\"caption\":\"Kathy Sanders\"},\"url\":\"https:\\\/\\\/aglow.org\\\/fr\\\/author\\\/kathy-s\\\/\"}]}<\/script>\n<!-- \/ Yoast SEO plugin. -->","yoast_head_json":{"title":"Gr\u00e2ce incroyable - Aglow International","robots":{"index":"index","follow":"follow","max-snippet":"max-snippet:-1","max-image-preview":"max-image-preview:large","max-video-preview":"max-video-preview:-1"},"canonical":"https:\/\/aglow.org\/fr\/grace-incroyable\/","og_locale":"fr_FR","og_type":"article","og_title":"Gr\u00e2ce incroyable - Aglow International","og_description":"Cette ann\u00e9e, Jill Meskimen a \u00e9t\u00e9 mise \u00e0 l'honneur lors de la retraite du minist\u00e8re carc\u00e9ral Aglow en Californie pour ses 30 ann\u00e9es de service \u2013 un exploit in\u00e9gal\u00e9 au cours des 43 ann\u00e9es d'existence de ce minist\u00e8re au sein d'Aglow.","og_url":"https:\/\/aglow.org\/fr\/grace-incroyable\/","og_site_name":"Aglow International","article_published_time":"2026-09-01T16:54:54+00:00","article_modified_time":"2026-09-01T17:16:24+00:00","og_image":[{"width":807,"height":475,"url":"https:\/\/aglow.org\/wp-content\/uploads\/2026\/09\/2026-9-1-CA-Prison.jpg","type":"image\/jpeg"}],"author":"Kathy Sanders","twitter_card":"summary_large_image","twitter_misc":{"\u00c9crit par":"Kathy Sanders","Dur\u00e9e de lecture estim\u00e9e":"2 minutes"},"schema":{"@context":"https:\/\/schema.org","@graph":[{"@type":"Article","@id":"https:\/\/aglow.org\/fr\/grace-incroyable\/#article","isPartOf":{"@id":"https:\/\/aglow.org\/fr\/grace-incroyable\/"},"author":{"name":"Kathy Sanders","@id":"https:\/\/aglow.org\/fr\/#\/schema\/person\/ab87b10e1b33a6ac307e9d3e79df1004"},"headline":"Gr\u00e2ce incroyable","datePublished":"2026-09-01T16:54:54+00:00","dateModified":"2026-09-01T17:16:24+00:00","mainEntityOfPage":{"@id":"https:\/\/aglow.org\/fr\/grace-incroyable\/"},"wordCount":415,"commentCount":0,"publisher":{"@id":"https:\/\/aglow.org\/fr\/#organization"},"image":{"@id":"https:\/\/aglow.org\/fr\/grace-incroyable\/#primaryimage"},"thumbnailUrl":"https:\/\/aglow.org\/wp-content\/uploads\/2026\/09\/2026-9-1-CA-Prison.jpg","articleSection":["News"],"inLanguage":"fr-FR","potentialAction":[{"@type":"CommentAction","name":"Comment","target":["https:\/\/aglow.org\/fr\/grace-incroyable\/#respond"]}]},{"@type":"WebPage","@id":"https:\/\/aglow.org\/fr\/grace-incroyable\/","url":"https:\/\/aglow.org\/fr\/grace-incroyable\/","name":"Gr\u00e2ce incroyable - Aglow International","isPartOf":{"@id":"https:\/\/aglow.org\/fr\/#website"},"primaryImageOfPage":{"@id":"https:\/\/aglow.org\/fr\/grace-incroyable\/#primaryimage"},"image":{"@id":"https:\/\/aglow.org\/fr\/grace-incroyable\/#primaryimage"},"thumbnailUrl":"https:\/\/aglow.org\/wp-content\/uploads\/2026\/09\/2026-9-1-CA-Prison.jpg","datePublished":"2026-09-01T16:54:54+00:00","dateModified":"2026-09-01T17:16:24+00:00","breadcrumb":{"@id":"https:\/\/aglow.org\/fr\/grace-incroyable\/#breadcrumb"},"inLanguage":"fr-FR","potentialAction":[{"@type":"ReadAction","target":["https:\/\/aglow.org\/fr\/grace-incroyable\/"]}]},{"@type":"ImageObject","inLanguage":"fr-FR","@id":"https:\/\/aglow.org\/fr\/grace-incroyable\/#primaryimage","url":"https:\/\/aglow.org\/wp-content\/uploads\/2026\/09\/2026-9-1-CA-Prison.jpg","contentUrl":"https:\/\/aglow.org\/wp-content\/uploads\/2026\/09\/2026-9-1-CA-Prison.jpg","width":807,"height":475,"caption":"Retraite du minist\u00e8re carc\u00e9ral Aglow de Californie"},{"@type":"BreadcrumbList","@id":"https:\/\/aglow.org\/fr\/grace-incroyable\/#breadcrumb","itemListElement":[{"@type":"ListItem","position":1,"name":"Home","item":"https:\/\/aglow.org\/fr\/"},{"@type":"ListItem","position":2,"name":"Gr\u00e2ce incroyable"}]},{"@type":"WebSite","@id":"https:\/\/aglow.org\/fr\/#website","url":"https:\/\/aglow.org\/fr\/","name":"Aglow International","description":"","publisher":{"@id":"https:\/\/aglow.org\/fr\/#organization"},"potentialAction":[{"@type":"SearchAction","target":{"@type":"EntryPoint","urlTemplate":"https:\/\/aglow.org\/fr\/?s={search_term_string}"},"query-input":{"@type":"PropertyValueSpecification","valueRequired":true,"valueName":"search_term_string"}}],"inLanguage":"fr-FR"},{"@type":"Organization","@id":"https:\/\/aglow.org\/fr\/#organization","name":"Aglow International","url":"https:\/\/aglow.org\/fr\/","logo":{"@type":"ImageObject","inLanguage":"fr-FR","@id":"https:\/\/aglow.org\/fr\/#\/schema\/logo\/image\/","url":"https:\/\/aglow.org\/wp-content\/uploads\/2025\/04\/Aglow_logo_orange_800px.png","contentUrl":"https:\/\/aglow.org\/wp-content\/uploads\/2025\/04\/Aglow_logo_orange_800px.png","width":800,"height":302,"caption":"Aglow International"},"image":{"@id":"https:\/\/aglow.org\/fr\/#\/schema\/logo\/image\/"}},{"@type":"Person","@id":"https:\/\/aglow.org\/fr\/#\/schema\/person\/ab87b10e1b33a6ac307e9d3e79df1004","name":"Kathy Sanders","image":{"@type":"ImageObject","inLanguage":"fr-FR","@id":"https:\/\/secure.gravatar.com\/avatar\/b3b279541b9e0d2829dc85ead19fcb579baadc768e4f3452dd3ddbb48d4b067e?s=96&d=mm&r=g","url":"https:\/\/secure.gravatar.com\/avatar\/b3b279541b9e0d2829dc85ead19fcb579baadc768e4f3452dd3ddbb48d4b067e?s=96&d=mm&r=g","contentUrl":"https:\/\/secure.gravatar.com\/avatar\/b3b279541b9e0d2829dc85ead19fcb579baadc768e4f3452dd3ddbb48d4b067e?s=96&d=mm&r=g","caption":"Kathy Sanders"},"url":"https:\/\/aglow.org\/fr\/author\/kathy-s\/"}]}},"_links":{"self":[{"href":"https:\/\/aglow.org\/fr\/wp-json\/wp\/v2\/posts\/11842","targetHints":{"allow":["GET"]}}],"collection":[{"href":"https:\/\/aglow.org\/fr\/wp-json\/wp\/v2\/posts"}],"about":[{"href":"https:\/\/aglow.org\/fr\/wp-json\/wp\/v2\/types\/post"}],"author":[{"embeddable":true,"href":"https:\/\/aglow.org\/fr\/wp-json\/wp\/v2\/users\/9"}],"replies":[{"embeddable":true,"href":"https:\/\/aglow.org\/fr\/wp-json\/wp\/v2\/comments?post=11842"}],"version-history":[{"count":1,"href":"https:\/\/aglow.org\/fr\/wp-json\/wp\/v2\/posts\/11842\/revisions"}],"predecessor-version":[{"id":11843,"href":"https:\/\/aglow.org\/fr\/wp-json\/wp\/v2\/posts\/11842\/revisions\/11843"}],"wp:featuredmedia":[{"embeddable":true,"href":"https:\/\/aglow.org\/fr\/wp-json\/wp\/v2\/media\/11841"}],"wp:attachment":[{"href":"https:\/\/aglow.org\/fr\/wp-json\/wp\/v2\/media?parent=11842"}],"wp:term":[{"taxonomy":"category","embeddable":true,"href":"https:\/\/aglow.org\/fr\/wp-json\/wp\/v2\/categories?post=11842"},{"taxonomy":"post_tag","embeddable":true,"href":"https:\/\/aglow.org\/fr\/wp-json\/wp\/v2\/tags?post=11842"}],"curies":[{"name":"wp","href":"https:\/\/api.w.org\/{rel}","templated":true}]}}