{"id":8565,"date":"2026-04-28T15:56:34","date_gmt":"2026-04-28T15:56:34","guid":{"rendered":"https:\/\/aglow.org\/labor-de-alcance-en-filipinas\/"},"modified":"2026-04-28T16:06:40","modified_gmt":"2026-04-28T16:06:40","slug":"labor-de-alcance-en-filipinas","status":"publish","type":"post","link":"https:\/\/aglow.org\/es\/labor-de-alcance-en-filipinas\/","title":{"rendered":"Labor de alcance en Filipinas"},"content":{"rendered":"\n<h3 class=\"wp-block-heading\"><strong>Equipo de Evangelismo y Transformaci\u00f3n Aglow \u2013 Alcance en Filipinas<\/strong><\/h3>\n\n<p>Un equipo de diez miembros de Aglow Transformation Evangelism viaj\u00f3 a las islas de Negros y Siquijor, en Filipinas, el 25 de febrero para vivir dos semanas de gloriosas aventuras junto a nuestro Se\u00f1or Jes\u00fas y el Esp\u00edritu Santo. La pastora Teresita Feliccio y su familia \u2014nuestra l\u00edder nacional de Aglow\u2014 no solo nos brindaron hospedaje, sino que tambi\u00e9n hab\u00edan preparado de antemano numerosas puertas abiertas para compartir el amor de Jes\u00fas.  <\/p>\n\n<p>Nuestro equipo proven\u00eda de cinco estados diferentes y dos pa\u00edses, y trabaj\u00f3 junto a creyentes filipinos muy capaces. Durante el tiempo que pasamos juntos, viajamos en coche, avi\u00f3n, barco y autob\u00fas, yendo a dondequiera que el Se\u00f1or nos abriera las puertas.  <\/p>\n\n<p>M\u00e1s de 2.000 j\u00f3venes escucharon las Buenas Nuevas de Jes\u00fas en una universidad y en varias escuelas. Muchos hicieron oraciones de salvaci\u00f3n y recibieron oraci\u00f3n para sanidad y consuelo. En la c\u00e1rcel local, 155 reclusos escucharon nuestros testimonios y conocieron el coraz\u00f3n de Jes\u00fas hacia ellos, recibiendo oraci\u00f3n mientras dedicaban sus vidas al se\u00f1or\u00edo de Su amor.   <\/p>\n\n<p>El programa de radio lleg\u00f3 a las naciones del mundo, y nuestro ministerio a los empleados y jefes de departamento de nuestra compa\u00f1\u00eda el\u00e9ctrica tuvo resultados asombrosos.<\/p>\n\n<p>Nuestra labor de alcance incluy\u00f3 un baile de pureza para j\u00f3venes, un \u00abProyecto Generaciones\u00bb con una presentaci\u00f3n titulada \u00abModelados en Jes\u00fas\u00bb, ense\u00f1anzas sobre c\u00f3mo vivir en Cristo como joven emprendedor y mensajes acerca de lo que significa vivir en el Esp\u00edritu. <\/p>\n\n<p>Nuestra labor de alcance incluy\u00f3 un baile de pureza para j\u00f3venes, un \u00abProyecto Generaciones\u00bb con una presentaci\u00f3n titulada \u00abModelados en Jes\u00fas\u00bb, ense\u00f1anzas sobre c\u00f3mo vivir en Cristo como joven emprendedor y mensajes acerca de lo que significa vivir en el Esp\u00edritu. <\/p>\n\n<p>Tambi\u00e9n fuimos invitados a orar por el alcalde y su equipo, as\u00ed como por el personal escolar; adem\u00e1s, cada uno de nosotros predic\u00f3 en iglesias el domingo. Por otra parte, se nos dio la bienvenida para ministrar en una conferencia de Aglow. A dondequiera que \u00edbamos, m\u00e1s personas deseaban escuchar acerca de Jes\u00fas y recibirlo.   <\/p>\n\n<p>Steven Meyers, uno de los MOI del equipo, comparti\u00f3: <\/p>\n\n<blockquote class=\"wp-block-quote is-layout-flow wp-block-quote-is-layout-flow\">\n<p><em>Aunque valor\u00e9 profundamente las oportunidades que se me brindaron para compartir la ense\u00f1anza que el Se\u00f1or trajo conmigo, creo que el recuerdo m\u00e1s preciado que me llevar\u00e9 de este viaje es el de los j\u00f3venes a quienes ministramos. Tanto en las escuelas secundarias como entre los estudiantes universitarios, vi un nivel incre\u00edble de hambre por el Se\u00f1or. Estoy convencido de que la pr\u00f3xima generaci\u00f3n desempe\u00f1ar\u00e1 un papel fundamental en un gran despertar venidero.  <\/em><\/p>\n<\/blockquote>\n\n<p>Jennifer Kuehn, SPC de Michigan, escribi\u00f3: <\/p>\n\n<blockquote class=\"wp-block-quote is-layout-flow wp-block-quote-is-layout-flow\">\n<p><em>La parte de Filipinas que visit\u00e9 con el equipo nos expuso a muchas comunidades y entornos diferentes. Visitamos escuelas, nos reunimos con funcionarios gubernamentales, ministramos en una c\u00e1rcel, realizamos grandes actividades de evangelizaci\u00f3n urbana, predicamos en diversas iglesias y participamos en una conferencia de Aglow.  <\/em><\/p>\n\n\n\n<p><em>Un enfoque principal de nuestro ministerio fue la juventud. Nos encontramos con personas de muy diversos \u00e1mbitos de la vida, y el hambre entre los j\u00f3venes era muy palpable. Debido a esta apertura, el Esp\u00edritu Santo se movi\u00f3 con poder.   <\/em><\/p>\n\n\n\n<p><em>Incluso en las zonas administradas por las autoridades gubernamentales, se nos dio la bienvenida para llevar las Buenas Nuevas a la gente, y los propios funcionarios se sintieron alentados al recibir oraci\u00f3n. En la c\u00e1rcel se percib\u00eda una presencia hermosa y tangible del Esp\u00edritu Santo, la cual fue recibida con agrado por todos. Esto reflejaba el trabajo de preparaci\u00f3n que el pastor Lem y Tessie hab\u00edan realizado de antemano. Sus humildes corazones de servicio gozan de un profundo respeto, y su cuidado se extiende a lo largo y ancho desde el lugar donde Dios los ha posicionado. \u00a1Qu\u00e9 obra tan asombrosa y qu\u00e9 ejemplo de firmeza demuestra esta pareja!     <\/em><\/p>\n\n\n\n<p><em>Personalmente, este viaje represent\u00f3 un avance en mis dones. Pude impartir Su presencia din\u00e1mica \u2014a trav\u00e9s de la predicaci\u00f3n y la oraci\u00f3n\u2014 a muchas personas. El Esp\u00edritu Santo se manifest\u00f3 con profunda convicci\u00f3n y consuelo en cada lugar donde ministramos. Pastores y empleados escolares nos comentaron: \u00abNunca hab\u00edamos visto un llanto como este entre los j\u00f3venes y los adultos\u00bb.    <\/em><\/p>\n\n\n\n<p><em>Cuando hablamos en una universidad laica e hicimos una invitaci\u00f3n a la salvaci\u00f3n y a la oraci\u00f3n personal, pareci\u00f3 que casi todos pasaron al frente. Sandy, miembro de nuestro equipo, coment\u00f3 que sent\u00eda que el Consolador hab\u00eda descendido sobre los estudiantes. Fue una manifestaci\u00f3n poderosa de Sus caminos gloriosos y amorosos, y ese fue el ambiente que rein\u00f3 durante todo el tiempo que estuvimos all\u00ed.  <\/em><\/p>\n<\/blockquote>\n\n<p>Un breve resumen a cargo de Janet Mangum, l\u00edder del equipo.<\/p>\n\n<h3 class=\"wp-block-heading\"><strong>Semillas del despertar<\/strong><\/h3>\n\n<p>Planes, sorpresas y santas invitaciones<br\/>nos condujeron a la fe y a los despertares del amor.<br\/>Acudimos.<br\/>Dimos un paso al frente.<br\/>Y nuestro Se\u00f1or se alz\u00f3 entre nosotros,<br\/>tal como lo prometi\u00f3: <br\/>\u00abEdificar\u00e9 mi iglesia\u00bb. \u2014 Mateo 16:18 <br\/>\u00abMi palabra&#8230; cumplir\u00e1 lo que yo quiera y prosperar\u00e1 donde la env\u00ede\u00bb. \u2014 Isa\u00edas 55:11<br\/>A trav\u00e9s de islas y oc\u00e9anos,<br\/>el amor de Jes\u00fas viaj\u00f3:<br\/>en avi\u00f3n, en barco, en autob\u00fas, en corazones dispuestos. <br\/>En aulas, c\u00e1rceles, iglesias y calles de la ciudad,<br\/>corazones hambrientos se inclinaron hacia adelante,<br\/>y el cielo respondi\u00f3. <br\/>Cayeron l\u00e1grimas sanadoras, se elevaron oraciones,<br\/>y el Esp\u00edritu Santo se movi\u00f3 suave pero poderosamente<br\/>tanto entre los j\u00f3venes como entre los mayores. <br\/>Se sembraron semillas de esperanza, <br\/>La fe despert\u00f3. <br\/>y la siguiente generaci\u00f3n alz\u00f3 sus ojos al Se\u00f1or. <br\/>pues \u00ablos que siembran con l\u00e1grimas, cosechar\u00e1n con cantos de alegr\u00eda\u00bb. \u2014 Salmos 126:5<br\/>Dondequiera que fuimos,<br\/>se abrieron puertas,<br\/>los corazones respondieron<br\/>y el nombre de Jes\u00fas fue bienvenido. <br\/>Que las semillas sembradas a lo largo de Negros y Siquijor <br\/>seguir creciendo <br\/>dando fruto por generaciones\u2014 <br\/>\u00abLa tierra se llenar\u00e1 del conocimiento de la gloria del Se\u00f1or\u00bb. \u2014 Habacuc 2:14<br\/>Todo para la gloria de Cristo. <\/p>\n","protected":false},"excerpt":{"rendered":"<p>Un equipo de diez miembros de Aglow Transformation Evangelism viaj\u00f3 a las islas de Negros y Siquijor, en Filipinas, el 25 de febrero para vivir dos semanas de gloriosas aventuras con nuestro Se\u00f1or Jes\u00fas y el Esp\u00edritu Santo. <\/p>\n","protected":false},"author":13,"featured_media":8564,"comment_status":"open","ping_status":"open","sticky":false,"template":"","format":"standard","meta":{"footnotes":""},"categories":[81,69],"tags":[],"class_list":["post-8565","post","type-post","status-publish","format-standard","has-post-thumbnail","hentry","category-internacional","category-news-es"],"yoast_head":"<!-- This site is optimized with the Yoast SEO plugin v27.5 - https:\/\/yoast.com\/product\/yoast-seo-wordpress\/ -->\n<title>Labor de alcance en Filipinas - Aglow International<\/title>\n<meta name=\"robots\" content=\"index, follow, max-snippet:-1, max-image-preview:large, max-video-preview:-1\" \/>\n<link rel=\"canonical\" href=\"https:\/\/aglow.org\/es\/labor-de-alcance-en-filipinas\/\" \/>\n<meta property=\"og:locale\" content=\"es_ES\" \/>\n<meta property=\"og:type\" content=\"article\" \/>\n<meta property=\"og:title\" content=\"Labor de alcance en Filipinas - Aglow International\" \/>\n<meta property=\"og:description\" content=\"Un equipo de diez miembros de Aglow Transformation Evangelism viaj\u00f3 a las islas de Negros y Siquijor, en Filipinas, el 25 de febrero para vivir dos semanas de gloriosas aventuras con nuestro Se\u00f1or Jes\u00fas y el Esp\u00edritu Santo.\" \/>\n<meta property=\"og:url\" content=\"https:\/\/aglow.org\/es\/labor-de-alcance-en-filipinas\/\" \/>\n<meta property=\"og:site_name\" content=\"Aglow International\" \/>\n<meta property=\"article:published_time\" content=\"2026-04-28T15:56:34+00:00\" \/>\n<meta property=\"article:modified_time\" content=\"2026-04-28T16:06:40+00:00\" \/>\n<meta property=\"og:image\" content=\"https:\/\/aglow.org\/wp-content\/uploads\/2026\/04\/2026-4-28-philippines.jpg\" \/>\n\t<meta property=\"og:image:width\" content=\"807\" \/>\n\t<meta property=\"og:image:height\" content=\"475\" \/>\n\t<meta property=\"og:image:type\" content=\"image\/jpeg\" \/>\n<meta name=\"author\" content=\"Janet Mangum\" \/>\n<meta name=\"twitter:card\" content=\"summary_large_image\" \/>\n<meta name=\"twitter:label1\" content=\"Escrito por\" \/>\n\t<meta name=\"twitter:data1\" content=\"Janet Mangum\" \/>\n\t<meta name=\"twitter:label2\" content=\"Tiempo de lectura\" \/>\n\t<meta name=\"twitter:data2\" content=\"5 minutos\" \/>\n<script type=\"application\/ld+json\" class=\"yoast-schema-graph\">{\"@context\":\"https:\\\/\\\/schema.org\",\"@graph\":[{\"@type\":\"Article\",\"@id\":\"https:\\\/\\\/aglow.org\\\/es\\\/labor-de-alcance-en-filipinas\\\/#article\",\"isPartOf\":{\"@id\":\"https:\\\/\\\/aglow.org\\\/es\\\/labor-de-alcance-en-filipinas\\\/\"},\"author\":{\"name\":\"Janet Mangum\",\"@id\":\"https:\\\/\\\/aglow.org\\\/es\\\/#\\\/schema\\\/person\\\/73ad3ff7a77b5174e21a9dc6c9e49b69\"},\"headline\":\"Labor de alcance en Filipinas\",\"datePublished\":\"2026-04-28T15:56:34+00:00\",\"dateModified\":\"2026-04-28T16:06:40+00:00\",\"mainEntityOfPage\":{\"@id\":\"https:\\\/\\\/aglow.org\\\/es\\\/labor-de-alcance-en-filipinas\\\/\"},\"wordCount\":1049,\"commentCount\":0,\"publisher\":{\"@id\":\"https:\\\/\\\/aglow.org\\\/es\\\/#organization\"},\"image\":{\"@id\":\"https:\\\/\\\/aglow.org\\\/es\\\/labor-de-alcance-en-filipinas\\\/#primaryimage\"},\"thumbnailUrl\":\"https:\\\/\\\/aglow.org\\\/wp-content\\\/uploads\\\/2026\\\/04\\\/2026-4-28-philippines.jpg\",\"articleSection\":[\"Internacional\",\"News\"],\"inLanguage\":\"es\",\"potentialAction\":[{\"@type\":\"CommentAction\",\"name\":\"Comment\",\"target\":[\"https:\\\/\\\/aglow.org\\\/es\\\/labor-de-alcance-en-filipinas\\\/#respond\"]}]},{\"@type\":\"WebPage\",\"@id\":\"https:\\\/\\\/aglow.org\\\/es\\\/labor-de-alcance-en-filipinas\\\/\",\"url\":\"https:\\\/\\\/aglow.org\\\/es\\\/labor-de-alcance-en-filipinas\\\/\",\"name\":\"Labor de alcance en Filipinas - Aglow International\",\"isPartOf\":{\"@id\":\"https:\\\/\\\/aglow.org\\\/es\\\/#website\"},\"primaryImageOfPage\":{\"@id\":\"https:\\\/\\\/aglow.org\\\/es\\\/labor-de-alcance-en-filipinas\\\/#primaryimage\"},\"image\":{\"@id\":\"https:\\\/\\\/aglow.org\\\/es\\\/labor-de-alcance-en-filipinas\\\/#primaryimage\"},\"thumbnailUrl\":\"https:\\\/\\\/aglow.org\\\/wp-content\\\/uploads\\\/2026\\\/04\\\/2026-4-28-philippines.jpg\",\"datePublished\":\"2026-04-28T15:56:34+00:00\",\"dateModified\":\"2026-04-28T16:06:40+00:00\",\"breadcrumb\":{\"@id\":\"https:\\\/\\\/aglow.org\\\/es\\\/labor-de-alcance-en-filipinas\\\/#breadcrumb\"},\"inLanguage\":\"es\",\"potentialAction\":[{\"@type\":\"ReadAction\",\"target\":[\"https:\\\/\\\/aglow.org\\\/es\\\/labor-de-alcance-en-filipinas\\\/\"]}]},{\"@type\":\"ImageObject\",\"inLanguage\":\"es\",\"@id\":\"https:\\\/\\\/aglow.org\\\/es\\\/labor-de-alcance-en-filipinas\\\/#primaryimage\",\"url\":\"https:\\\/\\\/aglow.org\\\/wp-content\\\/uploads\\\/2026\\\/04\\\/2026-4-28-philippines.jpg\",\"contentUrl\":\"https:\\\/\\\/aglow.org\\\/wp-content\\\/uploads\\\/2026\\\/04\\\/2026-4-28-philippines.jpg\",\"width\":807,\"height\":475,\"caption\":\"Equipo de Evangelismo y Transformaci\u00f3n Aglow \u2013 Alcance en Filipinas\"},{\"@type\":\"BreadcrumbList\",\"@id\":\"https:\\\/\\\/aglow.org\\\/es\\\/labor-de-alcance-en-filipinas\\\/#breadcrumb\",\"itemListElement\":[{\"@type\":\"ListItem\",\"position\":1,\"name\":\"Home\",\"item\":\"https:\\\/\\\/aglow.org\\\/es\\\/\"},{\"@type\":\"ListItem\",\"position\":2,\"name\":\"Labor de alcance en Filipinas\"}]},{\"@type\":\"WebSite\",\"@id\":\"https:\\\/\\\/aglow.org\\\/es\\\/#website\",\"url\":\"https:\\\/\\\/aglow.org\\\/es\\\/\",\"name\":\"Aglow International\",\"description\":\"\",\"publisher\":{\"@id\":\"https:\\\/\\\/aglow.org\\\/es\\\/#organization\"},\"potentialAction\":[{\"@type\":\"SearchAction\",\"target\":{\"@type\":\"EntryPoint\",\"urlTemplate\":\"https:\\\/\\\/aglow.org\\\/es\\\/?s={search_term_string}\"},\"query-input\":{\"@type\":\"PropertyValueSpecification\",\"valueRequired\":true,\"valueName\":\"search_term_string\"}}],\"inLanguage\":\"es\"},{\"@type\":\"Organization\",\"@id\":\"https:\\\/\\\/aglow.org\\\/es\\\/#organization\",\"name\":\"Aglow International\",\"url\":\"https:\\\/\\\/aglow.org\\\/es\\\/\",\"logo\":{\"@type\":\"ImageObject\",\"inLanguage\":\"es\",\"@id\":\"https:\\\/\\\/aglow.org\\\/es\\\/#\\\/schema\\\/logo\\\/image\\\/\",\"url\":\"https:\\\/\\\/aglow.org\\\/wp-content\\\/uploads\\\/2025\\\/04\\\/Aglow_logo_orange_800px.png\",\"contentUrl\":\"https:\\\/\\\/aglow.org\\\/wp-content\\\/uploads\\\/2025\\\/04\\\/Aglow_logo_orange_800px.png\",\"width\":800,\"height\":302,\"caption\":\"Aglow International\"},\"image\":{\"@id\":\"https:\\\/\\\/aglow.org\\\/es\\\/#\\\/schema\\\/logo\\\/image\\\/\"}},{\"@type\":\"Person\",\"@id\":\"https:\\\/\\\/aglow.org\\\/es\\\/#\\\/schema\\\/person\\\/73ad3ff7a77b5174e21a9dc6c9e49b69\",\"name\":\"Janet Mangum\",\"image\":{\"@type\":\"ImageObject\",\"inLanguage\":\"es\",\"@id\":\"https:\\\/\\\/secure.gravatar.com\\\/avatar\\\/eb6eee1d75fbc37051c5e38037ccac205237072f303e039d88432a4e8c4d9609?s=96&d=mm&r=g\",\"url\":\"https:\\\/\\\/secure.gravatar.com\\\/avatar\\\/eb6eee1d75fbc37051c5e38037ccac205237072f303e039d88432a4e8c4d9609?s=96&d=mm&r=g\",\"contentUrl\":\"https:\\\/\\\/secure.gravatar.com\\\/avatar\\\/eb6eee1d75fbc37051c5e38037ccac205237072f303e039d88432a4e8c4d9609?s=96&d=mm&r=g\",\"caption\":\"Janet Mangum\"},\"url\":\"https:\\\/\\\/aglow.org\\\/es\\\/author\\\/janetmangum\\\/\"}]}<\/script>\n<!-- \/ Yoast SEO plugin. -->","yoast_head_json":{"title":"Labor de alcance en Filipinas - Aglow International","robots":{"index":"index","follow":"follow","max-snippet":"max-snippet:-1","max-image-preview":"max-image-preview:large","max-video-preview":"max-video-preview:-1"},"canonical":"https:\/\/aglow.org\/es\/labor-de-alcance-en-filipinas\/","og_locale":"es_ES","og_type":"article","og_title":"Labor de alcance en Filipinas - Aglow International","og_description":"Un equipo de diez miembros de Aglow Transformation Evangelism viaj\u00f3 a las islas de Negros y Siquijor, en Filipinas, el 25 de febrero para vivir dos semanas de gloriosas aventuras con nuestro Se\u00f1or Jes\u00fas y el Esp\u00edritu Santo.","og_url":"https:\/\/aglow.org\/es\/labor-de-alcance-en-filipinas\/","og_site_name":"Aglow International","article_published_time":"2026-04-28T15:56:34+00:00","article_modified_time":"2026-04-28T16:06:40+00:00","og_image":[{"width":807,"height":475,"url":"https:\/\/aglow.org\/wp-content\/uploads\/2026\/04\/2026-4-28-philippines.jpg","type":"image\/jpeg"}],"author":"Janet Mangum","twitter_card":"summary_large_image","twitter_misc":{"Escrito por":"Janet Mangum","Tiempo de lectura":"5 minutos"},"schema":{"@context":"https:\/\/schema.org","@graph":[{"@type":"Article","@id":"https:\/\/aglow.org\/es\/labor-de-alcance-en-filipinas\/#article","isPartOf":{"@id":"https:\/\/aglow.org\/es\/labor-de-alcance-en-filipinas\/"},"author":{"name":"Janet Mangum","@id":"https:\/\/aglow.org\/es\/#\/schema\/person\/73ad3ff7a77b5174e21a9dc6c9e49b69"},"headline":"Labor de alcance en Filipinas","datePublished":"2026-04-28T15:56:34+00:00","dateModified":"2026-04-28T16:06:40+00:00","mainEntityOfPage":{"@id":"https:\/\/aglow.org\/es\/labor-de-alcance-en-filipinas\/"},"wordCount":1049,"commentCount":0,"publisher":{"@id":"https:\/\/aglow.org\/es\/#organization"},"image":{"@id":"https:\/\/aglow.org\/es\/labor-de-alcance-en-filipinas\/#primaryimage"},"thumbnailUrl":"https:\/\/aglow.org\/wp-content\/uploads\/2026\/04\/2026-4-28-philippines.jpg","articleSection":["Internacional","News"],"inLanguage":"es","potentialAction":[{"@type":"CommentAction","name":"Comment","target":["https:\/\/aglow.org\/es\/labor-de-alcance-en-filipinas\/#respond"]}]},{"@type":"WebPage","@id":"https:\/\/aglow.org\/es\/labor-de-alcance-en-filipinas\/","url":"https:\/\/aglow.org\/es\/labor-de-alcance-en-filipinas\/","name":"Labor de alcance en Filipinas - Aglow International","isPartOf":{"@id":"https:\/\/aglow.org\/es\/#website"},"primaryImageOfPage":{"@id":"https:\/\/aglow.org\/es\/labor-de-alcance-en-filipinas\/#primaryimage"},"image":{"@id":"https:\/\/aglow.org\/es\/labor-de-alcance-en-filipinas\/#primaryimage"},"thumbnailUrl":"https:\/\/aglow.org\/wp-content\/uploads\/2026\/04\/2026-4-28-philippines.jpg","datePublished":"2026-04-28T15:56:34+00:00","dateModified":"2026-04-28T16:06:40+00:00","breadcrumb":{"@id":"https:\/\/aglow.org\/es\/labor-de-alcance-en-filipinas\/#breadcrumb"},"inLanguage":"es","potentialAction":[{"@type":"ReadAction","target":["https:\/\/aglow.org\/es\/labor-de-alcance-en-filipinas\/"]}]},{"@type":"ImageObject","inLanguage":"es","@id":"https:\/\/aglow.org\/es\/labor-de-alcance-en-filipinas\/#primaryimage","url":"https:\/\/aglow.org\/wp-content\/uploads\/2026\/04\/2026-4-28-philippines.jpg","contentUrl":"https:\/\/aglow.org\/wp-content\/uploads\/2026\/04\/2026-4-28-philippines.jpg","width":807,"height":475,"caption":"Equipo de Evangelismo y Transformaci\u00f3n Aglow \u2013 Alcance en Filipinas"},{"@type":"BreadcrumbList","@id":"https:\/\/aglow.org\/es\/labor-de-alcance-en-filipinas\/#breadcrumb","itemListElement":[{"@type":"ListItem","position":1,"name":"Home","item":"https:\/\/aglow.org\/es\/"},{"@type":"ListItem","position":2,"name":"Labor de alcance en Filipinas"}]},{"@type":"WebSite","@id":"https:\/\/aglow.org\/es\/#website","url":"https:\/\/aglow.org\/es\/","name":"Aglow International","description":"","publisher":{"@id":"https:\/\/aglow.org\/es\/#organization"},"potentialAction":[{"@type":"SearchAction","target":{"@type":"EntryPoint","urlTemplate":"https:\/\/aglow.org\/es\/?s={search_term_string}"},"query-input":{"@type":"PropertyValueSpecification","valueRequired":true,"valueName":"search_term_string"}}],"inLanguage":"es"},{"@type":"Organization","@id":"https:\/\/aglow.org\/es\/#organization","name":"Aglow International","url":"https:\/\/aglow.org\/es\/","logo":{"@type":"ImageObject","inLanguage":"es","@id":"https:\/\/aglow.org\/es\/#\/schema\/logo\/image\/","url":"https:\/\/aglow.org\/wp-content\/uploads\/2025\/04\/Aglow_logo_orange_800px.png","contentUrl":"https:\/\/aglow.org\/wp-content\/uploads\/2025\/04\/Aglow_logo_orange_800px.png","width":800,"height":302,"caption":"Aglow International"},"image":{"@id":"https:\/\/aglow.org\/es\/#\/schema\/logo\/image\/"}},{"@type":"Person","@id":"https:\/\/aglow.org\/es\/#\/schema\/person\/73ad3ff7a77b5174e21a9dc6c9e49b69","name":"Janet Mangum","image":{"@type":"ImageObject","inLanguage":"es","@id":"https:\/\/secure.gravatar.com\/avatar\/eb6eee1d75fbc37051c5e38037ccac205237072f303e039d88432a4e8c4d9609?s=96&d=mm&r=g","url":"https:\/\/secure.gravatar.com\/avatar\/eb6eee1d75fbc37051c5e38037ccac205237072f303e039d88432a4e8c4d9609?s=96&d=mm&r=g","contentUrl":"https:\/\/secure.gravatar.com\/avatar\/eb6eee1d75fbc37051c5e38037ccac205237072f303e039d88432a4e8c4d9609?s=96&d=mm&r=g","caption":"Janet Mangum"},"url":"https:\/\/aglow.org\/es\/author\/janetmangum\/"}]}},"_links":{"self":[{"href":"https:\/\/aglow.org\/es\/wp-json\/wp\/v2\/posts\/8565","targetHints":{"allow":["GET"]}}],"collection":[{"href":"https:\/\/aglow.org\/es\/wp-json\/wp\/v2\/posts"}],"about":[{"href":"https:\/\/aglow.org\/es\/wp-json\/wp\/v2\/types\/post"}],"author":[{"embeddable":true,"href":"https:\/\/aglow.org\/es\/wp-json\/wp\/v2\/users\/13"}],"replies":[{"embeddable":true,"href":"https:\/\/aglow.org\/es\/wp-json\/wp\/v2\/comments?post=8565"}],"version-history":[{"count":1,"href":"https:\/\/aglow.org\/es\/wp-json\/wp\/v2\/posts\/8565\/revisions"}],"predecessor-version":[{"id":8566,"href":"https:\/\/aglow.org\/es\/wp-json\/wp\/v2\/posts\/8565\/revisions\/8566"}],"wp:featuredmedia":[{"embeddable":true,"href":"https:\/\/aglow.org\/es\/wp-json\/wp\/v2\/media\/8564"}],"wp:attachment":[{"href":"https:\/\/aglow.org\/es\/wp-json\/wp\/v2\/media?parent=8565"}],"wp:term":[{"taxonomy":"category","embeddable":true,"href":"https:\/\/aglow.org\/es\/wp-json\/wp\/v2\/categories?post=8565"},{"taxonomy":"post_tag","embeddable":true,"href":"https:\/\/aglow.org\/es\/wp-json\/wp\/v2\/tags?post=8565"}],"curies":[{"name":"wp","href":"https:\/\/api.w.org\/{rel}","templated":true}]}}