{"id":5976,"date":"2026-01-06T21:10:05","date_gmt":"2026-01-06T21:10:05","guid":{"rendered":"https:\/\/aglow.org\/faro-de-aurora-colorado\/"},"modified":"2026-01-06T21:12:42","modified_gmt":"2026-01-06T21:12:42","slug":"faro-de-aurora-colorado","status":"publish","type":"post","link":"https:\/\/aglow.org\/es\/faro-de-aurora-colorado\/","title":{"rendered":"Faro de Aurora, Colorado"},"content":{"rendered":"\n<p>La iglesia Lighthouse de Aurora, Colorado, ha tenido un a\u00f1o muy ajetreado, extendiendo su labor a la comunidad e incluso a la ciudad de Denver.<\/p>\n\n<p>En junio, el equipo organiz\u00f3 un evento ben\u00e9fico para recaudar fondos destinados a diferentes proyectos planificados para el resto del a\u00f1o. Donna Knight, la presidenta, y su equipo llegaron a un acuerdo con el Dr. Randy Gilkay, un quiropr\u00e1ctico local. \u00c9l accedi\u00f3 a cubrir los gastos del local y de la comida para presentar un programa sobre su cl\u00ednica, Innovative Chiropractic. M\u00e1s de 50 personas asistieron al evento, donde una subasta silenciosa brind\u00f3 otra oportunidad para recaudar fondos. Los asistentes disfrutaron de la m\u00fasica de un DJ, una violinista y un comediante cristiano. Fue un evento emotivo y divertido, y todos disfrutaron de las presentaciones.      <\/p>\n\n<p>Donna cont\u00f3 que su siguiente evento en el parque, llamado Aurora Aglow Mind, Body, and Soul Revival in the Park, se celebr\u00f3 en uno de los d\u00edas m\u00e1s calurosos del a\u00f1o. A pesar de que las temperaturas superaban los 38 grados Celsius, la asistencia fue extraordinaria. El evento tuvo lugar en el pabell\u00f3n del Parque Utah y se ofreci\u00f3 una barbacoa con todos los acompa\u00f1amientos. Gracias a que el equipo hab\u00eda recorrido el vecindario antes del evento para presentar Aglow e invitar a quienes quiz\u00e1s no hab\u00edan visto el cartel publicitario, acudi\u00f3 mucha gente. Se presentaron j\u00f3venes artistas locales, incluyendo bailarines de alabanza, el grupo juvenil Hopes Kidz Youth Army, cantantes, saxofonistas, poetas, un DJ en vivo, vendedores y un castillo inflable.    <\/p>\n\n<p>El pastor juvenil Atorvis, junto con el ministerio Mean Street Ministries, habl\u00f3 con los j\u00f3venes. Donna coment\u00f3: \u201cEl objetivo era que los j\u00f3venes de la comunidad vieran a Dios reflejado en los diferentes grupos juveniles que participaron con nosotros. Los j\u00f3venes necesitan ver a otros j\u00f3venes que est\u00e1n completamente entregados a Dios\u201d. Muchos se sintieron conmovidos.  <\/p>\n\n<p>Con el oto\u00f1o en pleno apogeo, el equipo organiz\u00f3 una jornada especial para repartir comida antes de la hora de dormir. Hab\u00edan elegido un lugar espec\u00edfico como punto de distribuci\u00f3n, por lo que no fue de extra\u00f1ar que algunos se opusieran a la iniciativa e intentaran disuadirlos. Sin embargo, una vez que Dios les encomend\u00f3 la tarea, el equipo se mantuvo firme y ese d\u00eda lograron alimentar a m\u00e1s de 250 personas. Repartieron bagels de Einstein, mortadela, s\u00e1ndwiches de queso a la parrilla y de mantequilla de man\u00ed con mermelada. Tambi\u00e9n hab\u00eda papas fritas, fruta y agua. Las mesas estaban repletas de mochilas, abrigos, mantas, calcetines, guantes y art\u00edculos de higiene personal. Donna coment\u00f3: \u201cIncluso ten\u00edamos bolsas con comida para perros. Para quienes no nos encontraron, ten\u00edamos equipos a pie y un conductor que sali\u00f3 a repartir comida\u201d.      <\/p>\n\n<p>Donna cont\u00f3 que los miembros del equipo llevan abrigos, guantes, gorros y zapatos en sus coches, y se detienen para repartirlos entre las personas que est\u00e1n en las esquinas de las calles cuando cambian las estaciones. En Lucas 14:23, un hombre ofreci\u00f3 un banquete, y cuando los invitados encontraron excusas para no asistir, envi\u00f3 a sus siervos a los caminos y veredas para que obligaran a la gente a entrar. A medida que los grupos de Aglow extienden su labor en sus comunidades con el poder del Evangelio y brindando ayuda para cubrir necesidades pr\u00e1cticas, se tocan corazones que quiz\u00e1s no se tocar\u00edan de ninguna otra manera. No tengas miedo de ir a donde Dios te env\u00ede. \u00c9l proveer\u00e1 para ti y para aquellos a quienes est\u00e1s ayudando.    <\/p>\n","protected":false},"excerpt":{"rendered":"<p>La iglesia Lighthouse de Aurora, Colorado, ha tenido un a\u00f1o muy ajetreado, extendiendo su labor a la comunidad e incluso a la ciudad de Denver.<\/p>\n","protected":false},"author":3,"featured_media":5975,"comment_status":"open","ping_status":"open","sticky":false,"template":"","format":"standard","meta":{"footnotes":""},"categories":[62,69],"tags":[],"class_list":["post-5976","post","type-post","status-publish","format-standard","has-post-thumbnail","hentry","category-estados-unidos","category-news-es"],"yoast_head":"<!-- This site is optimized with the Yoast SEO plugin v27.4 - https:\/\/yoast.com\/product\/yoast-seo-wordpress\/ -->\n<title>Faro de Aurora, Colorado - Aglow International<\/title>\n<meta name=\"robots\" content=\"index, follow, max-snippet:-1, max-image-preview:large, max-video-preview:-1\" \/>\n<link rel=\"canonical\" href=\"https:\/\/aglow.org\/es\/faro-de-aurora-colorado\/\" \/>\n<meta property=\"og:locale\" content=\"es_ES\" \/>\n<meta property=\"og:type\" content=\"article\" \/>\n<meta property=\"og:title\" content=\"Faro de Aurora, Colorado - Aglow International\" \/>\n<meta property=\"og:description\" content=\"La iglesia Lighthouse de Aurora, Colorado, ha tenido un a\u00f1o muy ajetreado, extendiendo su labor a la comunidad e incluso a la ciudad de Denver.\" \/>\n<meta property=\"og:url\" content=\"https:\/\/aglow.org\/es\/faro-de-aurora-colorado\/\" \/>\n<meta property=\"og:site_name\" content=\"Aglow International\" \/>\n<meta property=\"article:published_time\" content=\"2026-01-06T21:10:05+00:00\" \/>\n<meta property=\"article:modified_time\" content=\"2026-01-06T21:12:42+00:00\" \/>\n<meta property=\"og:image\" content=\"https:\/\/aglow.org\/wp-content\/uploads\/2026\/01\/2026-1-6-CO.jpg\" \/>\n\t<meta property=\"og:image:width\" content=\"1200\" \/>\n\t<meta property=\"og:image:height\" content=\"1200\" \/>\n\t<meta property=\"og:image:type\" content=\"image\/jpeg\" \/>\n<meta name=\"author\" content=\"Martha\" \/>\n<meta name=\"twitter:card\" content=\"summary_large_image\" \/>\n<meta name=\"twitter:label1\" content=\"Escrito por\" \/>\n\t<meta name=\"twitter:data1\" content=\"Martha\" \/>\n\t<meta name=\"twitter:label2\" content=\"Tiempo de lectura\" \/>\n\t<meta name=\"twitter:data2\" content=\"3 minutos\" \/>\n<script type=\"application\/ld+json\" class=\"yoast-schema-graph\">{\"@context\":\"https:\\\/\\\/schema.org\",\"@graph\":[{\"@type\":\"Article\",\"@id\":\"https:\\\/\\\/aglow.org\\\/es\\\/faro-de-aurora-colorado\\\/#article\",\"isPartOf\":{\"@id\":\"https:\\\/\\\/aglow.org\\\/es\\\/faro-de-aurora-colorado\\\/\"},\"author\":{\"name\":\"Martha\",\"@id\":\"https:\\\/\\\/aglow.org\\\/es\\\/#\\\/schema\\\/person\\\/b05386ea6262e7dda998689a8f15cfe6\"},\"headline\":\"Faro de Aurora, Colorado\",\"datePublished\":\"2026-01-06T21:10:05+00:00\",\"dateModified\":\"2026-01-06T21:12:42+00:00\",\"mainEntityOfPage\":{\"@id\":\"https:\\\/\\\/aglow.org\\\/es\\\/faro-de-aurora-colorado\\\/\"},\"wordCount\":614,\"commentCount\":0,\"publisher\":{\"@id\":\"https:\\\/\\\/aglow.org\\\/es\\\/#organization\"},\"image\":{\"@id\":\"https:\\\/\\\/aglow.org\\\/es\\\/faro-de-aurora-colorado\\\/#primaryimage\"},\"thumbnailUrl\":\"https:\\\/\\\/aglow.org\\\/wp-content\\\/uploads\\\/2026\\\/01\\\/2026-1-6-CO.jpg\",\"articleSection\":[\"Estados Unidos\",\"News\"],\"inLanguage\":\"es\",\"potentialAction\":[{\"@type\":\"CommentAction\",\"name\":\"Comment\",\"target\":[\"https:\\\/\\\/aglow.org\\\/es\\\/faro-de-aurora-colorado\\\/#respond\"]}]},{\"@type\":\"WebPage\",\"@id\":\"https:\\\/\\\/aglow.org\\\/es\\\/faro-de-aurora-colorado\\\/\",\"url\":\"https:\\\/\\\/aglow.org\\\/es\\\/faro-de-aurora-colorado\\\/\",\"name\":\"Faro de Aurora, Colorado - Aglow International\",\"isPartOf\":{\"@id\":\"https:\\\/\\\/aglow.org\\\/es\\\/#website\"},\"primaryImageOfPage\":{\"@id\":\"https:\\\/\\\/aglow.org\\\/es\\\/faro-de-aurora-colorado\\\/#primaryimage\"},\"image\":{\"@id\":\"https:\\\/\\\/aglow.org\\\/es\\\/faro-de-aurora-colorado\\\/#primaryimage\"},\"thumbnailUrl\":\"https:\\\/\\\/aglow.org\\\/wp-content\\\/uploads\\\/2026\\\/01\\\/2026-1-6-CO.jpg\",\"datePublished\":\"2026-01-06T21:10:05+00:00\",\"dateModified\":\"2026-01-06T21:12:42+00:00\",\"breadcrumb\":{\"@id\":\"https:\\\/\\\/aglow.org\\\/es\\\/faro-de-aurora-colorado\\\/#breadcrumb\"},\"inLanguage\":\"es\",\"potentialAction\":[{\"@type\":\"ReadAction\",\"target\":[\"https:\\\/\\\/aglow.org\\\/es\\\/faro-de-aurora-colorado\\\/\"]}]},{\"@type\":\"ImageObject\",\"inLanguage\":\"es\",\"@id\":\"https:\\\/\\\/aglow.org\\\/es\\\/faro-de-aurora-colorado\\\/#primaryimage\",\"url\":\"https:\\\/\\\/aglow.org\\\/wp-content\\\/uploads\\\/2026\\\/01\\\/2026-1-6-CO.jpg\",\"contentUrl\":\"https:\\\/\\\/aglow.org\\\/wp-content\\\/uploads\\\/2026\\\/01\\\/2026-1-6-CO.jpg\",\"width\":1200,\"height\":1200,\"caption\":\"Faro de Aurora, Colorado\"},{\"@type\":\"BreadcrumbList\",\"@id\":\"https:\\\/\\\/aglow.org\\\/es\\\/faro-de-aurora-colorado\\\/#breadcrumb\",\"itemListElement\":[{\"@type\":\"ListItem\",\"position\":1,\"name\":\"Home\",\"item\":\"https:\\\/\\\/aglow.org\\\/es\\\/\"},{\"@type\":\"ListItem\",\"position\":2,\"name\":\"Faro de Aurora, Colorado\"}]},{\"@type\":\"WebSite\",\"@id\":\"https:\\\/\\\/aglow.org\\\/es\\\/#website\",\"url\":\"https:\\\/\\\/aglow.org\\\/es\\\/\",\"name\":\"Aglow International\",\"description\":\"\",\"publisher\":{\"@id\":\"https:\\\/\\\/aglow.org\\\/es\\\/#organization\"},\"potentialAction\":[{\"@type\":\"SearchAction\",\"target\":{\"@type\":\"EntryPoint\",\"urlTemplate\":\"https:\\\/\\\/aglow.org\\\/es\\\/?s={search_term_string}\"},\"query-input\":{\"@type\":\"PropertyValueSpecification\",\"valueRequired\":true,\"valueName\":\"search_term_string\"}}],\"inLanguage\":\"es\"},{\"@type\":\"Organization\",\"@id\":\"https:\\\/\\\/aglow.org\\\/es\\\/#organization\",\"name\":\"Aglow International\",\"url\":\"https:\\\/\\\/aglow.org\\\/es\\\/\",\"logo\":{\"@type\":\"ImageObject\",\"inLanguage\":\"es\",\"@id\":\"https:\\\/\\\/aglow.org\\\/es\\\/#\\\/schema\\\/logo\\\/image\\\/\",\"url\":\"https:\\\/\\\/aglow.org\\\/wp-content\\\/uploads\\\/2025\\\/04\\\/Aglow_logo_orange_800px.png\",\"contentUrl\":\"https:\\\/\\\/aglow.org\\\/wp-content\\\/uploads\\\/2025\\\/04\\\/Aglow_logo_orange_800px.png\",\"width\":800,\"height\":302,\"caption\":\"Aglow International\"},\"image\":{\"@id\":\"https:\\\/\\\/aglow.org\\\/es\\\/#\\\/schema\\\/logo\\\/image\\\/\"}},{\"@type\":\"Person\",\"@id\":\"https:\\\/\\\/aglow.org\\\/es\\\/#\\\/schema\\\/person\\\/b05386ea6262e7dda998689a8f15cfe6\",\"name\":\"Martha\",\"image\":{\"@type\":\"ImageObject\",\"inLanguage\":\"es\",\"@id\":\"https:\\\/\\\/secure.gravatar.com\\\/avatar\\\/e224318690c5e8af021c81d4310c02f9e53a072839092a251d71fe1053e5f01e?s=96&d=mm&r=g\",\"url\":\"https:\\\/\\\/secure.gravatar.com\\\/avatar\\\/e224318690c5e8af021c81d4310c02f9e53a072839092a251d71fe1053e5f01e?s=96&d=mm&r=g\",\"contentUrl\":\"https:\\\/\\\/secure.gravatar.com\\\/avatar\\\/e224318690c5e8af021c81d4310c02f9e53a072839092a251d71fe1053e5f01e?s=96&d=mm&r=g\",\"caption\":\"Martha\"},\"url\":\"https:\\\/\\\/aglow.org\\\/es\\\/author\\\/martha-s\\\/\"}]}<\/script>\n<!-- \/ Yoast SEO plugin. -->","yoast_head_json":{"title":"Faro de Aurora, Colorado - Aglow International","robots":{"index":"index","follow":"follow","max-snippet":"max-snippet:-1","max-image-preview":"max-image-preview:large","max-video-preview":"max-video-preview:-1"},"canonical":"https:\/\/aglow.org\/es\/faro-de-aurora-colorado\/","og_locale":"es_ES","og_type":"article","og_title":"Faro de Aurora, Colorado - Aglow International","og_description":"La iglesia Lighthouse de Aurora, Colorado, ha tenido un a\u00f1o muy ajetreado, extendiendo su labor a la comunidad e incluso a la ciudad de Denver.","og_url":"https:\/\/aglow.org\/es\/faro-de-aurora-colorado\/","og_site_name":"Aglow International","article_published_time":"2026-01-06T21:10:05+00:00","article_modified_time":"2026-01-06T21:12:42+00:00","og_image":[{"width":1200,"height":1200,"url":"https:\/\/aglow.org\/wp-content\/uploads\/2026\/01\/2026-1-6-CO.jpg","type":"image\/jpeg"}],"author":"Martha","twitter_card":"summary_large_image","twitter_misc":{"Escrito por":"Martha","Tiempo de lectura":"3 minutos"},"schema":{"@context":"https:\/\/schema.org","@graph":[{"@type":"Article","@id":"https:\/\/aglow.org\/es\/faro-de-aurora-colorado\/#article","isPartOf":{"@id":"https:\/\/aglow.org\/es\/faro-de-aurora-colorado\/"},"author":{"name":"Martha","@id":"https:\/\/aglow.org\/es\/#\/schema\/person\/b05386ea6262e7dda998689a8f15cfe6"},"headline":"Faro de Aurora, Colorado","datePublished":"2026-01-06T21:10:05+00:00","dateModified":"2026-01-06T21:12:42+00:00","mainEntityOfPage":{"@id":"https:\/\/aglow.org\/es\/faro-de-aurora-colorado\/"},"wordCount":614,"commentCount":0,"publisher":{"@id":"https:\/\/aglow.org\/es\/#organization"},"image":{"@id":"https:\/\/aglow.org\/es\/faro-de-aurora-colorado\/#primaryimage"},"thumbnailUrl":"https:\/\/aglow.org\/wp-content\/uploads\/2026\/01\/2026-1-6-CO.jpg","articleSection":["Estados Unidos","News"],"inLanguage":"es","potentialAction":[{"@type":"CommentAction","name":"Comment","target":["https:\/\/aglow.org\/es\/faro-de-aurora-colorado\/#respond"]}]},{"@type":"WebPage","@id":"https:\/\/aglow.org\/es\/faro-de-aurora-colorado\/","url":"https:\/\/aglow.org\/es\/faro-de-aurora-colorado\/","name":"Faro de Aurora, Colorado - Aglow International","isPartOf":{"@id":"https:\/\/aglow.org\/es\/#website"},"primaryImageOfPage":{"@id":"https:\/\/aglow.org\/es\/faro-de-aurora-colorado\/#primaryimage"},"image":{"@id":"https:\/\/aglow.org\/es\/faro-de-aurora-colorado\/#primaryimage"},"thumbnailUrl":"https:\/\/aglow.org\/wp-content\/uploads\/2026\/01\/2026-1-6-CO.jpg","datePublished":"2026-01-06T21:10:05+00:00","dateModified":"2026-01-06T21:12:42+00:00","breadcrumb":{"@id":"https:\/\/aglow.org\/es\/faro-de-aurora-colorado\/#breadcrumb"},"inLanguage":"es","potentialAction":[{"@type":"ReadAction","target":["https:\/\/aglow.org\/es\/faro-de-aurora-colorado\/"]}]},{"@type":"ImageObject","inLanguage":"es","@id":"https:\/\/aglow.org\/es\/faro-de-aurora-colorado\/#primaryimage","url":"https:\/\/aglow.org\/wp-content\/uploads\/2026\/01\/2026-1-6-CO.jpg","contentUrl":"https:\/\/aglow.org\/wp-content\/uploads\/2026\/01\/2026-1-6-CO.jpg","width":1200,"height":1200,"caption":"Faro de Aurora, Colorado"},{"@type":"BreadcrumbList","@id":"https:\/\/aglow.org\/es\/faro-de-aurora-colorado\/#breadcrumb","itemListElement":[{"@type":"ListItem","position":1,"name":"Home","item":"https:\/\/aglow.org\/es\/"},{"@type":"ListItem","position":2,"name":"Faro de Aurora, Colorado"}]},{"@type":"WebSite","@id":"https:\/\/aglow.org\/es\/#website","url":"https:\/\/aglow.org\/es\/","name":"Aglow International","description":"","publisher":{"@id":"https:\/\/aglow.org\/es\/#organization"},"potentialAction":[{"@type":"SearchAction","target":{"@type":"EntryPoint","urlTemplate":"https:\/\/aglow.org\/es\/?s={search_term_string}"},"query-input":{"@type":"PropertyValueSpecification","valueRequired":true,"valueName":"search_term_string"}}],"inLanguage":"es"},{"@type":"Organization","@id":"https:\/\/aglow.org\/es\/#organization","name":"Aglow International","url":"https:\/\/aglow.org\/es\/","logo":{"@type":"ImageObject","inLanguage":"es","@id":"https:\/\/aglow.org\/es\/#\/schema\/logo\/image\/","url":"https:\/\/aglow.org\/wp-content\/uploads\/2025\/04\/Aglow_logo_orange_800px.png","contentUrl":"https:\/\/aglow.org\/wp-content\/uploads\/2025\/04\/Aglow_logo_orange_800px.png","width":800,"height":302,"caption":"Aglow International"},"image":{"@id":"https:\/\/aglow.org\/es\/#\/schema\/logo\/image\/"}},{"@type":"Person","@id":"https:\/\/aglow.org\/es\/#\/schema\/person\/b05386ea6262e7dda998689a8f15cfe6","name":"Martha","image":{"@type":"ImageObject","inLanguage":"es","@id":"https:\/\/secure.gravatar.com\/avatar\/e224318690c5e8af021c81d4310c02f9e53a072839092a251d71fe1053e5f01e?s=96&d=mm&r=g","url":"https:\/\/secure.gravatar.com\/avatar\/e224318690c5e8af021c81d4310c02f9e53a072839092a251d71fe1053e5f01e?s=96&d=mm&r=g","contentUrl":"https:\/\/secure.gravatar.com\/avatar\/e224318690c5e8af021c81d4310c02f9e53a072839092a251d71fe1053e5f01e?s=96&d=mm&r=g","caption":"Martha"},"url":"https:\/\/aglow.org\/es\/author\/martha-s\/"}]}},"_links":{"self":[{"href":"https:\/\/aglow.org\/es\/wp-json\/wp\/v2\/posts\/5976","targetHints":{"allow":["GET"]}}],"collection":[{"href":"https:\/\/aglow.org\/es\/wp-json\/wp\/v2\/posts"}],"about":[{"href":"https:\/\/aglow.org\/es\/wp-json\/wp\/v2\/types\/post"}],"author":[{"embeddable":true,"href":"https:\/\/aglow.org\/es\/wp-json\/wp\/v2\/users\/3"}],"replies":[{"embeddable":true,"href":"https:\/\/aglow.org\/es\/wp-json\/wp\/v2\/comments?post=5976"}],"version-history":[{"count":1,"href":"https:\/\/aglow.org\/es\/wp-json\/wp\/v2\/posts\/5976\/revisions"}],"predecessor-version":[{"id":5977,"href":"https:\/\/aglow.org\/es\/wp-json\/wp\/v2\/posts\/5976\/revisions\/5977"}],"wp:featuredmedia":[{"embeddable":true,"href":"https:\/\/aglow.org\/es\/wp-json\/wp\/v2\/media\/5975"}],"wp:attachment":[{"href":"https:\/\/aglow.org\/es\/wp-json\/wp\/v2\/media?parent=5976"}],"wp:term":[{"taxonomy":"category","embeddable":true,"href":"https:\/\/aglow.org\/es\/wp-json\/wp\/v2\/categories?post=5976"},{"taxonomy":"post_tag","embeddable":true,"href":"https:\/\/aglow.org\/es\/wp-json\/wp\/v2\/tags?post=5976"}],"curies":[{"name":"wp","href":"https:\/\/api.w.org\/{rel}","templated":true}]}}