{"id":11839,"date":"2026-09-01T16:54:54","date_gmt":"2026-09-01T16:54:54","guid":{"rendered":"https:\/\/aglow.org\/sublime-gracia\/"},"modified":"2026-09-01T17:12:56","modified_gmt":"2026-09-01T17:12:56","slug":"sublime-gracia","status":"publish","type":"post","link":"https:\/\/aglow.org\/es\/sublime-gracia\/","title":{"rendered":"Sublime gracia"},"content":{"rendered":"\n<p class=\"wp-block-paragraph\">Este a\u00f1o, Jill Meskimen fue homenajeada en el retiro del Ministerio Penitenciario Aglow de California por sus 30 a\u00f1os de servicio, un logro sin precedentes en los 43 a\u00f1os de trayectoria de este ministerio en Aglow. El evento, que celebr\u00f3 su 33.\u00aa edici\u00f3n anual, cont\u00f3 con una gran asistencia de mujeres transformadas por el poder del amor de Dios.  <\/p>\n\n<p class=\"wp-block-paragraph\">La noche del viernes comenz\u00f3 con una cena antes de pasar a la capilla, donde un tiempo intenso de adoraci\u00f3n y oraci\u00f3n fue seguido por un mensaje de Karen Quadara. <\/p>\n\n<p class=\"wp-block-paragraph\">El s\u00e1bado comenz\u00f3 con un desayuno completo; luego, Lucinda Barrios comparti\u00f3 un mensaje. El equipo hispano tambi\u00e9n present\u00f3 una danza de alabanza especial. <\/p>\n\n<p class=\"wp-block-paragraph\">La tarde del s\u00e1bado estuvo a cargo de Suzy Mellon y Viola Anderson, quienes coordinaron los testimonios de los asistentes. Se compartieron muchas historias sobre el amor redentor de Dios.  <\/p>\n\n<p class=\"wp-block-paragraph\">El s\u00e1bado por la noche, Julia Pearson interpret\u00f3 diversos cantos de adoraci\u00f3n para demostrar que podemos alabar a Dios incluso cuando la vida duele. Debra Mumma estuvo a cargo de la ense\u00f1anza. Las asistentes tuvieron la oportunidad de comprar en la tienda, donde la recaudaci\u00f3n ayuda a financiar becas para quienes participan en este fin de semana especial. Despu\u00e9s del servicio, las mujeres se reunieron alrededor de una fogata para seguir adorando y disfrutar de *s&#8217;mores*. Fue una velada perfecta para todas las presentes.    <\/p>\n\n<p class=\"wp-block-paragraph\">Las ma\u00f1anas de domingo siempre son agridulces, pues llega el momento de partir. Jenny Travis tom\u00f3 la palabra y el grupo comparti\u00f3 la comuni\u00f3n antes de los \u00faltimos abrazos y despedidas.  <\/p>\n\n<p class=\"wp-block-paragraph\">Desde el primer retiro de Aglow en las prisiones de California, las mujeres han llegado de una manera y se han marchado transformadas por la bondad de Dios. En Su presencia, verdaderamente hay plenitud de gozo. Los corazones quebrantados son sanados; los corazones endurecidos, ablandados. La desesperanza se disipa cuando la Verdad libera a quienes antes viv\u00edan cautivas. Damos gracias a Dios por la fidelidad de las mujeres de Aglow al llevar el mensaje del Evangelio m\u00e1s all\u00e1 de las puertas cerradas.     <\/p>\n","protected":false},"excerpt":{"rendered":"<p>Este a\u00f1o, Jill Meskimen fue homenajeada en el retiro del Ministerio Penitenciario Aglow de California por sus 30 a\u00f1os de servicio, una haza\u00f1a que nadie m\u00e1s ha logrado en los 43 a\u00f1os de trayectoria de este ministerio en Aglow. <\/p>\n","protected":false},"author":9,"featured_media":11838,"comment_status":"open","ping_status":"open","sticky":false,"template":"","format":"standard","meta":{"footnotes":""},"categories":[69],"tags":[],"class_list":["post-11839","post","type-post","status-publish","format-standard","has-post-thumbnail","hentry","category-news-es"],"yoast_head":"<!-- This site is optimized with the Yoast SEO plugin v28.3 - https:\/\/yoast.com\/product\/yoast-seo-wordpress\/ -->\n<title>Sublime gracia - Aglow International<\/title>\n<meta name=\"robots\" content=\"index, follow, max-snippet:-1, max-image-preview:large, max-video-preview:-1\" \/>\n<link rel=\"canonical\" href=\"https:\/\/aglow.org\/es\/sublime-gracia\/\" \/>\n<meta property=\"og:locale\" content=\"es_ES\" \/>\n<meta property=\"og:type\" content=\"article\" \/>\n<meta property=\"og:title\" content=\"Sublime gracia - Aglow International\" \/>\n<meta property=\"og:description\" content=\"Este a\u00f1o, Jill Meskimen fue homenajeada en el retiro del Ministerio Penitenciario Aglow de California por sus 30 a\u00f1os de servicio, una haza\u00f1a que nadie m\u00e1s ha logrado en los 43 a\u00f1os de trayectoria de este ministerio en Aglow.\" \/>\n<meta property=\"og:url\" content=\"https:\/\/aglow.org\/es\/sublime-gracia\/\" \/>\n<meta property=\"og:site_name\" content=\"Aglow International\" \/>\n<meta property=\"article:published_time\" content=\"2026-09-01T16:54:54+00:00\" \/>\n<meta property=\"article:modified_time\" content=\"2026-09-01T17:12:56+00:00\" \/>\n<meta property=\"og:image\" content=\"https:\/\/aglow.org\/wp-content\/uploads\/2026\/09\/2026-9-1-CA-Prison.jpg\" \/>\n\t<meta property=\"og:image:width\" content=\"807\" \/>\n\t<meta property=\"og:image:height\" content=\"475\" \/>\n\t<meta property=\"og:image:type\" content=\"image\/jpeg\" \/>\n<meta name=\"author\" content=\"Kathy Sanders\" \/>\n<meta name=\"twitter:card\" content=\"summary_large_image\" \/>\n<meta name=\"twitter:label1\" content=\"Escrito por\" \/>\n\t<meta name=\"twitter:data1\" content=\"Kathy Sanders\" \/>\n\t<meta name=\"twitter:label2\" content=\"Tiempo de lectura\" \/>\n\t<meta name=\"twitter:data2\" content=\"2 minutos\" \/>\n<script type=\"application\/ld+json\" class=\"yoast-schema-graph\">{\"@context\":\"https:\\\/\\\/schema.org\",\"@graph\":[{\"@type\":\"Article\",\"@id\":\"https:\\\/\\\/aglow.org\\\/es\\\/sublime-gracia\\\/#article\",\"isPartOf\":{\"@id\":\"https:\\\/\\\/aglow.org\\\/es\\\/sublime-gracia\\\/\"},\"author\":{\"name\":\"Kathy Sanders\",\"@id\":\"https:\\\/\\\/aglow.org\\\/es\\\/#\\\/schema\\\/person\\\/ab87b10e1b33a6ac307e9d3e79df1004\"},\"headline\":\"Sublime gracia\",\"datePublished\":\"2026-09-01T16:54:54+00:00\",\"dateModified\":\"2026-09-01T17:12:56+00:00\",\"mainEntityOfPage\":{\"@id\":\"https:\\\/\\\/aglow.org\\\/es\\\/sublime-gracia\\\/\"},\"wordCount\":357,\"commentCount\":0,\"publisher\":{\"@id\":\"https:\\\/\\\/aglow.org\\\/es\\\/#organization\"},\"image\":{\"@id\":\"https:\\\/\\\/aglow.org\\\/es\\\/sublime-gracia\\\/#primaryimage\"},\"thumbnailUrl\":\"https:\\\/\\\/aglow.org\\\/wp-content\\\/uploads\\\/2026\\\/09\\\/2026-9-1-CA-Prison.jpg\",\"articleSection\":[\"News\"],\"inLanguage\":\"es\",\"potentialAction\":[{\"@type\":\"CommentAction\",\"name\":\"Comment\",\"target\":[\"https:\\\/\\\/aglow.org\\\/es\\\/sublime-gracia\\\/#respond\"]}]},{\"@type\":\"WebPage\",\"@id\":\"https:\\\/\\\/aglow.org\\\/es\\\/sublime-gracia\\\/\",\"url\":\"https:\\\/\\\/aglow.org\\\/es\\\/sublime-gracia\\\/\",\"name\":\"Sublime gracia - Aglow International\",\"isPartOf\":{\"@id\":\"https:\\\/\\\/aglow.org\\\/es\\\/#website\"},\"primaryImageOfPage\":{\"@id\":\"https:\\\/\\\/aglow.org\\\/es\\\/sublime-gracia\\\/#primaryimage\"},\"image\":{\"@id\":\"https:\\\/\\\/aglow.org\\\/es\\\/sublime-gracia\\\/#primaryimage\"},\"thumbnailUrl\":\"https:\\\/\\\/aglow.org\\\/wp-content\\\/uploads\\\/2026\\\/09\\\/2026-9-1-CA-Prison.jpg\",\"datePublished\":\"2026-09-01T16:54:54+00:00\",\"dateModified\":\"2026-09-01T17:12:56+00:00\",\"breadcrumb\":{\"@id\":\"https:\\\/\\\/aglow.org\\\/es\\\/sublime-gracia\\\/#breadcrumb\"},\"inLanguage\":\"es\",\"potentialAction\":[{\"@type\":\"ReadAction\",\"target\":[\"https:\\\/\\\/aglow.org\\\/es\\\/sublime-gracia\\\/\"]}]},{\"@type\":\"ImageObject\",\"inLanguage\":\"es\",\"@id\":\"https:\\\/\\\/aglow.org\\\/es\\\/sublime-gracia\\\/#primaryimage\",\"url\":\"https:\\\/\\\/aglow.org\\\/wp-content\\\/uploads\\\/2026\\\/09\\\/2026-9-1-CA-Prison.jpg\",\"contentUrl\":\"https:\\\/\\\/aglow.org\\\/wp-content\\\/uploads\\\/2026\\\/09\\\/2026-9-1-CA-Prison.jpg\",\"width\":807,\"height\":475,\"caption\":\"Retiro del Ministerio Penitenciario Aglow de California\"},{\"@type\":\"BreadcrumbList\",\"@id\":\"https:\\\/\\\/aglow.org\\\/es\\\/sublime-gracia\\\/#breadcrumb\",\"itemListElement\":[{\"@type\":\"ListItem\",\"position\":1,\"name\":\"Home\",\"item\":\"https:\\\/\\\/aglow.org\\\/es\\\/\"},{\"@type\":\"ListItem\",\"position\":2,\"name\":\"Sublime gracia\"}]},{\"@type\":\"WebSite\",\"@id\":\"https:\\\/\\\/aglow.org\\\/es\\\/#website\",\"url\":\"https:\\\/\\\/aglow.org\\\/es\\\/\",\"name\":\"Aglow International\",\"description\":\"\",\"publisher\":{\"@id\":\"https:\\\/\\\/aglow.org\\\/es\\\/#organization\"},\"potentialAction\":[{\"@type\":\"SearchAction\",\"target\":{\"@type\":\"EntryPoint\",\"urlTemplate\":\"https:\\\/\\\/aglow.org\\\/es\\\/?s={search_term_string}\"},\"query-input\":{\"@type\":\"PropertyValueSpecification\",\"valueRequired\":true,\"valueName\":\"search_term_string\"}}],\"inLanguage\":\"es\"},{\"@type\":\"Organization\",\"@id\":\"https:\\\/\\\/aglow.org\\\/es\\\/#organization\",\"name\":\"Aglow International\",\"url\":\"https:\\\/\\\/aglow.org\\\/es\\\/\",\"logo\":{\"@type\":\"ImageObject\",\"inLanguage\":\"es\",\"@id\":\"https:\\\/\\\/aglow.org\\\/es\\\/#\\\/schema\\\/logo\\\/image\\\/\",\"url\":\"https:\\\/\\\/aglow.org\\\/wp-content\\\/uploads\\\/2025\\\/04\\\/Aglow_logo_orange_800px.png\",\"contentUrl\":\"https:\\\/\\\/aglow.org\\\/wp-content\\\/uploads\\\/2025\\\/04\\\/Aglow_logo_orange_800px.png\",\"width\":800,\"height\":302,\"caption\":\"Aglow International\"},\"image\":{\"@id\":\"https:\\\/\\\/aglow.org\\\/es\\\/#\\\/schema\\\/logo\\\/image\\\/\"}},{\"@type\":\"Person\",\"@id\":\"https:\\\/\\\/aglow.org\\\/es\\\/#\\\/schema\\\/person\\\/ab87b10e1b33a6ac307e9d3e79df1004\",\"name\":\"Kathy Sanders\",\"image\":{\"@type\":\"ImageObject\",\"inLanguage\":\"es\",\"@id\":\"https:\\\/\\\/secure.gravatar.com\\\/avatar\\\/b3b279541b9e0d2829dc85ead19fcb579baadc768e4f3452dd3ddbb48d4b067e?s=96&d=mm&r=g\",\"url\":\"https:\\\/\\\/secure.gravatar.com\\\/avatar\\\/b3b279541b9e0d2829dc85ead19fcb579baadc768e4f3452dd3ddbb48d4b067e?s=96&d=mm&r=g\",\"contentUrl\":\"https:\\\/\\\/secure.gravatar.com\\\/avatar\\\/b3b279541b9e0d2829dc85ead19fcb579baadc768e4f3452dd3ddbb48d4b067e?s=96&d=mm&r=g\",\"caption\":\"Kathy Sanders\"},\"url\":\"https:\\\/\\\/aglow.org\\\/es\\\/author\\\/kathy-s\\\/\"}]}<\/script>\n<!-- \/ Yoast SEO plugin. -->","yoast_head_json":{"title":"Sublime gracia - Aglow International","robots":{"index":"index","follow":"follow","max-snippet":"max-snippet:-1","max-image-preview":"max-image-preview:large","max-video-preview":"max-video-preview:-1"},"canonical":"https:\/\/aglow.org\/es\/sublime-gracia\/","og_locale":"es_ES","og_type":"article","og_title":"Sublime gracia - Aglow International","og_description":"Este a\u00f1o, Jill Meskimen fue homenajeada en el retiro del Ministerio Penitenciario Aglow de California por sus 30 a\u00f1os de servicio, una haza\u00f1a que nadie m\u00e1s ha logrado en los 43 a\u00f1os de trayectoria de este ministerio en Aglow.","og_url":"https:\/\/aglow.org\/es\/sublime-gracia\/","og_site_name":"Aglow International","article_published_time":"2026-09-01T16:54:54+00:00","article_modified_time":"2026-09-01T17:12:56+00:00","og_image":[{"width":807,"height":475,"url":"https:\/\/aglow.org\/wp-content\/uploads\/2026\/09\/2026-9-1-CA-Prison.jpg","type":"image\/jpeg"}],"author":"Kathy Sanders","twitter_card":"summary_large_image","twitter_misc":{"Escrito por":"Kathy Sanders","Tiempo de lectura":"2 minutos"},"schema":{"@context":"https:\/\/schema.org","@graph":[{"@type":"Article","@id":"https:\/\/aglow.org\/es\/sublime-gracia\/#article","isPartOf":{"@id":"https:\/\/aglow.org\/es\/sublime-gracia\/"},"author":{"name":"Kathy Sanders","@id":"https:\/\/aglow.org\/es\/#\/schema\/person\/ab87b10e1b33a6ac307e9d3e79df1004"},"headline":"Sublime gracia","datePublished":"2026-09-01T16:54:54+00:00","dateModified":"2026-09-01T17:12:56+00:00","mainEntityOfPage":{"@id":"https:\/\/aglow.org\/es\/sublime-gracia\/"},"wordCount":357,"commentCount":0,"publisher":{"@id":"https:\/\/aglow.org\/es\/#organization"},"image":{"@id":"https:\/\/aglow.org\/es\/sublime-gracia\/#primaryimage"},"thumbnailUrl":"https:\/\/aglow.org\/wp-content\/uploads\/2026\/09\/2026-9-1-CA-Prison.jpg","articleSection":["News"],"inLanguage":"es","potentialAction":[{"@type":"CommentAction","name":"Comment","target":["https:\/\/aglow.org\/es\/sublime-gracia\/#respond"]}]},{"@type":"WebPage","@id":"https:\/\/aglow.org\/es\/sublime-gracia\/","url":"https:\/\/aglow.org\/es\/sublime-gracia\/","name":"Sublime gracia - Aglow International","isPartOf":{"@id":"https:\/\/aglow.org\/es\/#website"},"primaryImageOfPage":{"@id":"https:\/\/aglow.org\/es\/sublime-gracia\/#primaryimage"},"image":{"@id":"https:\/\/aglow.org\/es\/sublime-gracia\/#primaryimage"},"thumbnailUrl":"https:\/\/aglow.org\/wp-content\/uploads\/2026\/09\/2026-9-1-CA-Prison.jpg","datePublished":"2026-09-01T16:54:54+00:00","dateModified":"2026-09-01T17:12:56+00:00","breadcrumb":{"@id":"https:\/\/aglow.org\/es\/sublime-gracia\/#breadcrumb"},"inLanguage":"es","potentialAction":[{"@type":"ReadAction","target":["https:\/\/aglow.org\/es\/sublime-gracia\/"]}]},{"@type":"ImageObject","inLanguage":"es","@id":"https:\/\/aglow.org\/es\/sublime-gracia\/#primaryimage","url":"https:\/\/aglow.org\/wp-content\/uploads\/2026\/09\/2026-9-1-CA-Prison.jpg","contentUrl":"https:\/\/aglow.org\/wp-content\/uploads\/2026\/09\/2026-9-1-CA-Prison.jpg","width":807,"height":475,"caption":"Retiro del Ministerio Penitenciario Aglow de California"},{"@type":"BreadcrumbList","@id":"https:\/\/aglow.org\/es\/sublime-gracia\/#breadcrumb","itemListElement":[{"@type":"ListItem","position":1,"name":"Home","item":"https:\/\/aglow.org\/es\/"},{"@type":"ListItem","position":2,"name":"Sublime gracia"}]},{"@type":"WebSite","@id":"https:\/\/aglow.org\/es\/#website","url":"https:\/\/aglow.org\/es\/","name":"Aglow International","description":"","publisher":{"@id":"https:\/\/aglow.org\/es\/#organization"},"potentialAction":[{"@type":"SearchAction","target":{"@type":"EntryPoint","urlTemplate":"https:\/\/aglow.org\/es\/?s={search_term_string}"},"query-input":{"@type":"PropertyValueSpecification","valueRequired":true,"valueName":"search_term_string"}}],"inLanguage":"es"},{"@type":"Organization","@id":"https:\/\/aglow.org\/es\/#organization","name":"Aglow International","url":"https:\/\/aglow.org\/es\/","logo":{"@type":"ImageObject","inLanguage":"es","@id":"https:\/\/aglow.org\/es\/#\/schema\/logo\/image\/","url":"https:\/\/aglow.org\/wp-content\/uploads\/2025\/04\/Aglow_logo_orange_800px.png","contentUrl":"https:\/\/aglow.org\/wp-content\/uploads\/2025\/04\/Aglow_logo_orange_800px.png","width":800,"height":302,"caption":"Aglow International"},"image":{"@id":"https:\/\/aglow.org\/es\/#\/schema\/logo\/image\/"}},{"@type":"Person","@id":"https:\/\/aglow.org\/es\/#\/schema\/person\/ab87b10e1b33a6ac307e9d3e79df1004","name":"Kathy Sanders","image":{"@type":"ImageObject","inLanguage":"es","@id":"https:\/\/secure.gravatar.com\/avatar\/b3b279541b9e0d2829dc85ead19fcb579baadc768e4f3452dd3ddbb48d4b067e?s=96&d=mm&r=g","url":"https:\/\/secure.gravatar.com\/avatar\/b3b279541b9e0d2829dc85ead19fcb579baadc768e4f3452dd3ddbb48d4b067e?s=96&d=mm&r=g","contentUrl":"https:\/\/secure.gravatar.com\/avatar\/b3b279541b9e0d2829dc85ead19fcb579baadc768e4f3452dd3ddbb48d4b067e?s=96&d=mm&r=g","caption":"Kathy Sanders"},"url":"https:\/\/aglow.org\/es\/author\/kathy-s\/"}]}},"_links":{"self":[{"href":"https:\/\/aglow.org\/es\/wp-json\/wp\/v2\/posts\/11839","targetHints":{"allow":["GET"]}}],"collection":[{"href":"https:\/\/aglow.org\/es\/wp-json\/wp\/v2\/posts"}],"about":[{"href":"https:\/\/aglow.org\/es\/wp-json\/wp\/v2\/types\/post"}],"author":[{"embeddable":true,"href":"https:\/\/aglow.org\/es\/wp-json\/wp\/v2\/users\/9"}],"replies":[{"embeddable":true,"href":"https:\/\/aglow.org\/es\/wp-json\/wp\/v2\/comments?post=11839"}],"version-history":[{"count":1,"href":"https:\/\/aglow.org\/es\/wp-json\/wp\/v2\/posts\/11839\/revisions"}],"predecessor-version":[{"id":11840,"href":"https:\/\/aglow.org\/es\/wp-json\/wp\/v2\/posts\/11839\/revisions\/11840"}],"wp:featuredmedia":[{"embeddable":true,"href":"https:\/\/aglow.org\/es\/wp-json\/wp\/v2\/media\/11838"}],"wp:attachment":[{"href":"https:\/\/aglow.org\/es\/wp-json\/wp\/v2\/media?parent=11839"}],"wp:term":[{"taxonomy":"category","embeddable":true,"href":"https:\/\/aglow.org\/es\/wp-json\/wp\/v2\/categories?post=11839"},{"taxonomy":"post_tag","embeddable":true,"href":"https:\/\/aglow.org\/es\/wp-json\/wp\/v2\/tags?post=11839"}],"curies":[{"name":"wp","href":"https:\/\/api.w.org\/{rel}","templated":true}]}}